{"id":32126,"date":"2024-07-05T08:05:11","date_gmt":"2024-07-05T13:05:11","guid":{"rendered":"https:\/\/radiogecko.com\/?p=32126"},"modified":"2024-07-05T16:39:23","modified_gmt":"2024-07-05T16:39:23","slug":"sigamos-extremando-precauciones-quintana-roo-aun-esta-en-alerta-roja","status":"publish","type":"post","link":"https:\/\/radiogecko.com\/?p=32126","title":{"rendered":"Sigamos extremando precauciones: Quintana Roo a\u00fan est\u00e1 en Alerta Roja"},"content":{"rendered":"<h4>Las bandas nubosas de Beryl ocasionar\u00e1n lluvias puntuales torrenciales, descargas el\u00e9ctricas, as\u00ed como rachas de viento de 150 a 170 kil\u00f3metros por hora, oleaje de 6 a 8 metros de altura y posible formaci\u00f3n de trombas.<\/h4>\n<p>El hurac\u00e1n Beryl de categor\u00eda 2 en la escala Saffir-Simpson, se localiza en tierra a 25 kil\u00f3metros al nor-noroeste de Tulum y a 235 kil\u00f3metros al estesureste de Progreso, Yucat\u00e1n. Presenta vientos m\u00e1ximos sostenidos de 160 kil\u00f3metros por hora (km\/h) rachas de 190 km\/h y desplazamiento hacia el oeste-noroeste a 24 km\/h.<\/p>\n<p>Las bandas nubosas de Beryl ocasionar\u00e1n lluvias puntuales torrenciales (150 a 250 mm), descargas el\u00e9ctricas, as\u00ed como rachas de viento de 150 a 170 km\/h, oleaje de 6 a 8 metros de altura y posible formaci\u00f3n de trombas marinas en Quintana Roo.<\/p>\n<p>Se mantiene zona de prevenci\u00f3n por efectos de hurac\u00e1n desde Puerto Costa Maya hasta Canc\u00fan incluido Cozumel; zona de vigilancia por efectos de hurac\u00e1n desde Chetumal hasta Puerto Costa Maya y desde Canc\u00fan hasta Cabo Catoche y zona de prevenci\u00f3n por efectos de tormenta tropical desde Canc\u00fan hasta Campeche.<\/p>\n<p>Sigamos extremando precauciones, ponerse a salvo y mantenerse informados a trav\u00e9s de medios oficiales: Coordinaci\u00f3n Nacional de Protecci\u00f3n Civil, Conagua Comisi\u00f3n Nacional del Agua-SMNmx y Coordinaci\u00f3n Estatal de Protecci\u00f3n Civil Quintana Roo.<\/p>\n<p>Emergencias: 911. \u260e\ufe0f<\/p>\n<p><img loading=\"lazy\" decoding=\"async\" class=\"alignnone size-medium wp-image-48317\" src=\"https:\/\/radiogecko.com\/wp-content\/uploads\/2024\/07\/WhatsApp-Image-2024-07-05-at-08.05.39.jpeg\" alt=\"\" width=\"300\" height=\"300\" \/><\/p>\n","protected":false},"excerpt":{"rendered":"<p>Las bandas nubosas de Beryl ocasionar\u00e1n lluvias puntuales torrenciales, descargas el\u00e9ctricas, as\u00ed como rachas de viento de 150 a 170 kil\u00f3metros por hora, oleaje de 6 a 8 metros de&hellip;<\/p>\n","protected":false},"author":1,"featured_media":32128,"comment_status":"open","ping_status":"closed","sticky":false,"template":"","format":"standard","meta":{"footnotes":""},"categories":[4,5],"tags":[],"class_list":["post-32126","post","type-post","status-publish","format-standard","has-post-thumbnail","hentry","category-local","category-quintana-roo"],"_links":{"self":[{"href":"https:\/\/radiogecko.com\/index.php?rest_route=\/wp\/v2\/posts\/32126","targetHints":{"allow":["GET"]}}],"collection":[{"href":"https:\/\/radiogecko.com\/index.php?rest_route=\/wp\/v2\/posts"}],"about":[{"href":"https:\/\/radiogecko.com\/index.php?rest_route=\/wp\/v2\/types\/post"}],"author":[{"embeddable":true,"href":"https:\/\/radiogecko.com\/index.php?rest_route=\/wp\/v2\/users\/1"}],"replies":[{"embeddable":true,"href":"https:\/\/radiogecko.com\/index.php?rest_route=%2Fwp%2Fv2%2Fcomments&post=32126"}],"version-history":[{"count":1,"href":"https:\/\/radiogecko.com\/index.php?rest_route=\/wp\/v2\/posts\/32126\/revisions"}],"predecessor-version":[{"id":32127,"href":"https:\/\/radiogecko.com\/index.php?rest_route=\/wp\/v2\/posts\/32126\/revisions\/32127"}],"wp:featuredmedia":[{"embeddable":true,"href":"https:\/\/radiogecko.com\/index.php?rest_route=\/wp\/v2\/media\/32128"}],"wp:attachment":[{"href":"https:\/\/radiogecko.com\/index.php?rest_route=%2Fwp%2Fv2%2Fmedia&parent=32126"}],"wp:term":[{"taxonomy":"category","embeddable":true,"href":"https:\/\/radiogecko.com\/index.php?rest_route=%2Fwp%2Fv2%2Fcategories&post=32126"},{"taxonomy":"post_tag","embeddable":true,"href":"https:\/\/radiogecko.com\/index.php?rest_route=%2Fwp%2Fv2%2Ftags&post=32126"}],"curies":[{"name":"wp","href":"https:\/\/api.w.org\/{rel}","templated":true}]}}