{"id":32616,"date":"2024-08-12T11:50:17","date_gmt":"2024-08-12T16:50:17","guid":{"rendered":"https:\/\/radiogecko.com\/?p=32616"},"modified":"2024-08-12T16:50:45","modified_gmt":"2024-08-12T16:50:45","slug":"ayuntamiento-de-tulum-aprueba-actualizacion-del-atlas-de-riesgo","status":"publish","type":"post","link":"https:\/\/radiogecko.com\/?p=32616","title":{"rendered":"Ayuntamiento de Tulum aprueba actualizaci\u00f3n del Atlas de Riesgo"},"content":{"rendered":"<p>Tulum, 12 de agosto del 2024.- En la Septuag\u00e9sima Sesi\u00f3n Ordinaria de Cabildo, el Ayuntamiento de Tulum aprob\u00f3 la actualizaci\u00f3n del Atlas de Riesgo 2023, que permitir\u00e1 contemplar y emprender las acciones que busquen disminuir los riesgos de los habitantes del Municipio ante agentes perturbadores y da\u00f1os por fen\u00f3menos naturales.<\/p>\n<p>Durante la Sesi\u00f3n, a solicitud del Presidente Municipal, Diego Casta\u00f1\u00f3n Trejo, se puso a consideraci\u00f3n del cuerpo edilicio, la actualizaci\u00f3n del Atlas de Riesgos, en apego a las recomendaciones del Centro Nacional de Prevenci\u00f3n de Desastres (CENAPRED).<\/p>\n<p>Lo anterior, seg\u00fan la lectura de los considerandos en el acuerdo, se ejerce con la finalidad de dar cumplimiento a la obligaci\u00f3n de actualizaci\u00f3n que permita tener la informaci\u00f3n de los agentes perturbadores y da\u00f1os esperados, los peligros, la vulnerabilidad y el grado de exposici\u00f3n que se puede presentar en la demarcaci\u00f3n territorial de Tulum.<\/p>\n<p>Tras la aprobaci\u00f3n de la mayor\u00eda de los integrantes del cuerpo edilicio, se instruy\u00f3 al Secretario General a certificar el acuerdo y acta de la Sesi\u00f3n.<\/p>\n","protected":false},"excerpt":{"rendered":"<p>Tulum, 12 de agosto del 2024.- En la Septuag\u00e9sima Sesi\u00f3n Ordinaria de Cabildo, el Ayuntamiento de Tulum aprob\u00f3 la actualizaci\u00f3n del Atlas de Riesgo 2023, que permitir\u00e1 contemplar y emprender&hellip;<\/p>\n","protected":false},"author":1,"featured_media":32618,"comment_status":"open","ping_status":"closed","sticky":false,"template":"","format":"standard","meta":{"footnotes":""},"categories":[5],"tags":[],"class_list":["post-32616","post","type-post","status-publish","format-standard","has-post-thumbnail","hentry","category-quintana-roo"],"_links":{"self":[{"href":"https:\/\/radiogecko.com\/index.php?rest_route=\/wp\/v2\/posts\/32616","targetHints":{"allow":["GET"]}}],"collection":[{"href":"https:\/\/radiogecko.com\/index.php?rest_route=\/wp\/v2\/posts"}],"about":[{"href":"https:\/\/radiogecko.com\/index.php?rest_route=\/wp\/v2\/types\/post"}],"author":[{"embeddable":true,"href":"https:\/\/radiogecko.com\/index.php?rest_route=\/wp\/v2\/users\/1"}],"replies":[{"embeddable":true,"href":"https:\/\/radiogecko.com\/index.php?rest_route=%2Fwp%2Fv2%2Fcomments&post=32616"}],"version-history":[{"count":1,"href":"https:\/\/radiogecko.com\/index.php?rest_route=\/wp\/v2\/posts\/32616\/revisions"}],"predecessor-version":[{"id":32617,"href":"https:\/\/radiogecko.com\/index.php?rest_route=\/wp\/v2\/posts\/32616\/revisions\/32617"}],"wp:featuredmedia":[{"embeddable":true,"href":"https:\/\/radiogecko.com\/index.php?rest_route=\/wp\/v2\/media\/32618"}],"wp:attachment":[{"href":"https:\/\/radiogecko.com\/index.php?rest_route=%2Fwp%2Fv2%2Fmedia&parent=32616"}],"wp:term":[{"taxonomy":"category","embeddable":true,"href":"https:\/\/radiogecko.com\/index.php?rest_route=%2Fwp%2Fv2%2Fcategories&post=32616"},{"taxonomy":"post_tag","embeddable":true,"href":"https:\/\/radiogecko.com\/index.php?rest_route=%2Fwp%2Fv2%2Ftags&post=32616"}],"curies":[{"name":"wp","href":"https:\/\/api.w.org\/{rel}","templated":true}]}}