{"id":32822,"date":"2024-08-17T09:56:23","date_gmt":"2024-08-17T14:56:23","guid":{"rendered":"https:\/\/radiogecko.com\/?p=32822"},"modified":"2024-08-22T14:58:25","modified_gmt":"2024-08-22T14:58:25","slug":"asi-celebro-madonna-su-cumpleanos-66-en-pompeya","status":"publish","type":"post","link":"https:\/\/radiogecko.com\/?p=32822","title":{"rendered":"As\u00ed celebr\u00f3 Madonna su cumplea\u00f1os 66 en Pompeya"},"content":{"rendered":"<p>\ud83d\udd38El director del yacimiento de Pompeya, Gabriel Zuchtriegel, realiz\u00f3 una visita privada para Madonna y sus acompa\u00f1antes.<\/p>\n<p>#ESPECT\u00c1CULOS | La superestrella del pop Madonna celebr\u00f3 su cumplea\u00f1os 66 en Pompeya, donde financi\u00f3 un proyecto de un teatro local que apoya a menores en riesgo, inform\u00f3 el s\u00e1bado el sitio arqueol\u00f3gico del sur de Italia.<\/p>\n<p>La cantante visit\u00f3 el viernes la antigua ciudad romana, donde conoci\u00f3 a un grupo de adolescentes que participan en el proyecto teatral Sue\u00f1o de volar, organizado por el museo de Pompeya y que involucra a j\u00f3venes de la zona en presentaciones culturales.<\/p>\n<p>\u00abComo se inform\u00f3 durante el encuentro, la artista decidi\u00f3 apoyar el proyecto [&#8230;] financiando todo el a\u00f1o 2024\/2025\u00bb, escribi\u00f3 el museo en un comunicado.<\/p>\n<p>El director del yacimiento de Pompeya, Gabriel Zuchtriegel, realiz\u00f3 una visita privada a Madonna y sus acompa\u00f1antes, tras la cual algunos de los j\u00f3venes actores presentaron una muestra de su trabajo.<\/p>\n<p>Fuera del sitio arqueol\u00f3gico, declarado Patrimonio de la Humanidad por la UNESCO, un grupo de fans esper\u00f3 durante horas para ver a la artista estadunidense.<\/p>\n","protected":false},"excerpt":{"rendered":"<p>\ud83d\udd38El director del yacimiento de Pompeya, Gabriel Zuchtriegel, realiz\u00f3 una visita privada para Madonna y sus acompa\u00f1antes. #ESPECT\u00c1CULOS | La superestrella del pop Madonna celebr\u00f3 su cumplea\u00f1os 66 en Pompeya,&hellip;<\/p>\n","protected":false},"author":1,"featured_media":32824,"comment_status":"open","ping_status":"closed","sticky":false,"template":"","format":"standard","meta":{"footnotes":""},"categories":[3],"tags":[],"class_list":["post-32822","post","type-post","status-publish","format-standard","has-post-thumbnail","hentry","category-espectaculos"],"_links":{"self":[{"href":"https:\/\/radiogecko.com\/index.php?rest_route=\/wp\/v2\/posts\/32822","targetHints":{"allow":["GET"]}}],"collection":[{"href":"https:\/\/radiogecko.com\/index.php?rest_route=\/wp\/v2\/posts"}],"about":[{"href":"https:\/\/radiogecko.com\/index.php?rest_route=\/wp\/v2\/types\/post"}],"author":[{"embeddable":true,"href":"https:\/\/radiogecko.com\/index.php?rest_route=\/wp\/v2\/users\/1"}],"replies":[{"embeddable":true,"href":"https:\/\/radiogecko.com\/index.php?rest_route=%2Fwp%2Fv2%2Fcomments&post=32822"}],"version-history":[{"count":1,"href":"https:\/\/radiogecko.com\/index.php?rest_route=\/wp\/v2\/posts\/32822\/revisions"}],"predecessor-version":[{"id":32823,"href":"https:\/\/radiogecko.com\/index.php?rest_route=\/wp\/v2\/posts\/32822\/revisions\/32823"}],"wp:featuredmedia":[{"embeddable":true,"href":"https:\/\/radiogecko.com\/index.php?rest_route=\/wp\/v2\/media\/32824"}],"wp:attachment":[{"href":"https:\/\/radiogecko.com\/index.php?rest_route=%2Fwp%2Fv2%2Fmedia&parent=32822"}],"wp:term":[{"taxonomy":"category","embeddable":true,"href":"https:\/\/radiogecko.com\/index.php?rest_route=%2Fwp%2Fv2%2Fcategories&post=32822"},{"taxonomy":"post_tag","embeddable":true,"href":"https:\/\/radiogecko.com\/index.php?rest_route=%2Fwp%2Fv2%2Ftags&post=32822"}],"curies":[{"name":"wp","href":"https:\/\/api.w.org\/{rel}","templated":true}]}}