{"id":33185,"date":"2024-09-16T12:56:57","date_gmt":"2024-09-16T17:56:57","guid":{"rendered":"https:\/\/radiogecko.com\/?p=33185"},"modified":"2024-09-16T17:57:13","modified_gmt":"2024-09-16T17:57:13","slug":"amlo-celebra-su-ultimo-grito-de-independencia-como-presidente-de-mexico","status":"publish","type":"post","link":"https:\/\/radiogecko.com\/?p=33185","title":{"rendered":"\u00a1AMLO celebra su \u00faltimo Grito de Independencia como presidente de M\u00e9xico!"},"content":{"rendered":"<p>\ud83d\udd36\ufe0f El mandatario pronunci\u00f3 su discurso desde Palacio Nacional, acompa\u00f1ado de su esposa, Beatriz Guti\u00e9rrez \u00ab\u00a1Viva la Cuarta Transformaci\u00f3n!\u00bb<\/p>\n<p>#NACIONAL. El 15 de septiembre de 2024, tuvo lugar el \u00faltimo\u00a0Grito de Independencia\u00a0del presidente\u00a0Andr\u00e9s Manuel L\u00f3pez Obrador,\u00a0evento al que asistieron numerosos simpatizantes en el\u00a0Z\u00f3calo\u00a0de la\u00a0Ciudad de M\u00e9xico.<\/p>\n<p>Grito de la Independencia por AMLO<\/p>\n<p>El presidente L\u00f3pez Obrador y su esposa Beatriz Guti\u00e9rrez M\u00fcller finalizaron la ceremonia del Grito de Independencia en el Palacio Nacional con un espect\u00e1culo de fuegos artificiales y m\u00fasica mexicana<\/p>\n<p>El mandatario Andr\u00e9s Manuel L\u00f3pez Obrador realiz\u00f3 su \u00faltimo Grito de Independencia en el Z\u00f3calo de la Ciudad de M\u00e9xico, portando la bandera nacional y la banda presidencial, mientras miles de personas lo vitoreaban.<\/p>\n<p>El presidente L\u00f3pez Obrador se dirigi\u00f3 a miles de personas en la capital mexicana, destacando la \u00e9tica laboral de los mexicanos en uno de sus \u00faltimos mensajes p\u00fablicos antes de finalizar su mandato.<\/p>\n<p>El presidente L\u00f3pez Obrador encabez\u00f3 su \u00faltimo Grito de Independencia antes de entregar la banda presidencial a su sucesora, Claudia Sheinbaum, el 1 de octubre. Antes del evento, firm\u00f3 junto a Sheinbaum la publicaci\u00f3n de la Reforma Judicial en el Diario Oficial de la Federaci\u00f3n. Los asistentes expresaron su orgullo mexicano y aprecio por L\u00f3pez Obrador, portando banderas, pendones con su imagen y peluches personalizados con la figura del presidente.<\/p>\n","protected":false},"excerpt":{"rendered":"<p>\ud83d\udd36\ufe0f El mandatario pronunci\u00f3 su discurso desde Palacio Nacional, acompa\u00f1ado de su esposa, Beatriz Guti\u00e9rrez \u00ab\u00a1Viva la Cuarta Transformaci\u00f3n!\u00bb #NACIONAL. El 15 de septiembre de 2024, tuvo lugar el \u00faltimo\u00a0Grito&hellip;<\/p>\n","protected":false},"author":1,"featured_media":33187,"comment_status":"open","ping_status":"closed","sticky":false,"template":"","format":"standard","meta":{"footnotes":""},"categories":[2],"tags":[],"class_list":["post-33185","post","type-post","status-publish","format-standard","has-post-thumbnail","hentry","category-nacional"],"_links":{"self":[{"href":"https:\/\/radiogecko.com\/index.php?rest_route=\/wp\/v2\/posts\/33185","targetHints":{"allow":["GET"]}}],"collection":[{"href":"https:\/\/radiogecko.com\/index.php?rest_route=\/wp\/v2\/posts"}],"about":[{"href":"https:\/\/radiogecko.com\/index.php?rest_route=\/wp\/v2\/types\/post"}],"author":[{"embeddable":true,"href":"https:\/\/radiogecko.com\/index.php?rest_route=\/wp\/v2\/users\/1"}],"replies":[{"embeddable":true,"href":"https:\/\/radiogecko.com\/index.php?rest_route=%2Fwp%2Fv2%2Fcomments&post=33185"}],"version-history":[{"count":1,"href":"https:\/\/radiogecko.com\/index.php?rest_route=\/wp\/v2\/posts\/33185\/revisions"}],"predecessor-version":[{"id":33186,"href":"https:\/\/radiogecko.com\/index.php?rest_route=\/wp\/v2\/posts\/33185\/revisions\/33186"}],"wp:featuredmedia":[{"embeddable":true,"href":"https:\/\/radiogecko.com\/index.php?rest_route=\/wp\/v2\/media\/33187"}],"wp:attachment":[{"href":"https:\/\/radiogecko.com\/index.php?rest_route=%2Fwp%2Fv2%2Fmedia&parent=33185"}],"wp:term":[{"taxonomy":"category","embeddable":true,"href":"https:\/\/radiogecko.com\/index.php?rest_route=%2Fwp%2Fv2%2Fcategories&post=33185"},{"taxonomy":"post_tag","embeddable":true,"href":"https:\/\/radiogecko.com\/index.php?rest_route=%2Fwp%2Fv2%2Ftags&post=33185"}],"curies":[{"name":"wp","href":"https:\/\/api.w.org\/{rel}","templated":true}]}}