{"id":33227,"date":"2024-09-20T14:01:30","date_gmt":"2024-09-20T19:01:30","guid":{"rendered":"https:\/\/radiogecko.com\/?p=33227"},"modified":"2024-09-20T19:01:46","modified_gmt":"2024-09-20T19:01:46","slug":"sigue-la-rehabilitacion-de-la-carretera-xalapa-veracruz","status":"publish","type":"post","link":"https:\/\/radiogecko.com\/?p=33227","title":{"rendered":"Sigue la rehabilitaci\u00f3n de la carretera Xalapa-Veracruz"},"content":{"rendered":"<p>\ud83d\udd38Este tramo es fundamental, ya que conecta a la capital con el puerto, principal punto de acceso comercial y tur\u00edstico de la entidad.<\/p>\n<p>#VERACRUZ | La Secretar\u00eda de Infraestructura, Comunicaciones y Transportes (SICT) sigue realizando los trabajos de rehabilitaci\u00f3n en el tramo de la carretera Xalapa-Veracruz, uno de los ejes viales m\u00e1s importantes del Estado.<\/p>\n<p>Este tramo es fundamental, ya que conecta a la capital, Xalapa, con el puerto de Veracruz, principal punto de acceso comercial y tur\u00edstico de la entidad.<\/p>\n<p>La carretera Xalapa-Veracruz es transitada diariamente por miles de veh\u00edculos, lo que la convierte en una arteria crucial para el transporte de mercanc\u00edas, pasajeros y servicios entre ambas ciudades.<\/p>\n<p>Debido a su alto nivel de tr\u00e1fico y el desgaste acumulado a lo largo de los a\u00f1os, esta rehabilitaci\u00f3n es prioritaria para garantizar la seguridad vial y mejorar la movilidad en la regi\u00f3n.<\/p>\n<p>Los trabajos contemplan la repavimentaci\u00f3n, el reforzamiento de la se\u00f1alizaci\u00f3n y la reparaci\u00f3n de tramos da\u00f1ados, as\u00ed como la instalaci\u00f3n de infraestructura de seguridad para reducir el riesgo de accidentes.<\/p>\n<p>La SICT ha informado que estas labores se realizar\u00e1n en etapas, con el objetivo de afectar lo menos posible el tr\u00e1nsito diario.<\/p>\n<p>La modernizaci\u00f3n de este tramo contribuir\u00e1 al desarrollo econ\u00f3mico y social de Veracruz, optimizando el traslado de bienes y servicios, adem\u00e1s de mejorar la experiencia de los turistas que visitan el puerto y otras zonas cercanas.<\/p>\n<p>Se espera que la rehabilitaci\u00f3n est\u00e9 concluida en los pr\u00f3ximos meses, brindando una v\u00eda segura y eficiente que impulse el dinamismo de la regi\u00f3n.<\/p>\n","protected":false},"excerpt":{"rendered":"<p>\ud83d\udd38Este tramo es fundamental, ya que conecta a la capital con el puerto, principal punto de acceso comercial y tur\u00edstico de la entidad. #VERACRUZ | La Secretar\u00eda de Infraestructura, Comunicaciones&hellip;<\/p>\n","protected":false},"author":1,"featured_media":33229,"comment_status":"open","ping_status":"closed","sticky":false,"template":"","format":"standard","meta":{"footnotes":""},"categories":[30],"tags":[],"class_list":["post-33227","post","type-post","status-publish","format-standard","has-post-thumbnail","hentry","category-veracruz"],"_links":{"self":[{"href":"https:\/\/radiogecko.com\/index.php?rest_route=\/wp\/v2\/posts\/33227","targetHints":{"allow":["GET"]}}],"collection":[{"href":"https:\/\/radiogecko.com\/index.php?rest_route=\/wp\/v2\/posts"}],"about":[{"href":"https:\/\/radiogecko.com\/index.php?rest_route=\/wp\/v2\/types\/post"}],"author":[{"embeddable":true,"href":"https:\/\/radiogecko.com\/index.php?rest_route=\/wp\/v2\/users\/1"}],"replies":[{"embeddable":true,"href":"https:\/\/radiogecko.com\/index.php?rest_route=%2Fwp%2Fv2%2Fcomments&post=33227"}],"version-history":[{"count":1,"href":"https:\/\/radiogecko.com\/index.php?rest_route=\/wp\/v2\/posts\/33227\/revisions"}],"predecessor-version":[{"id":33228,"href":"https:\/\/radiogecko.com\/index.php?rest_route=\/wp\/v2\/posts\/33227\/revisions\/33228"}],"wp:featuredmedia":[{"embeddable":true,"href":"https:\/\/radiogecko.com\/index.php?rest_route=\/wp\/v2\/media\/33229"}],"wp:attachment":[{"href":"https:\/\/radiogecko.com\/index.php?rest_route=%2Fwp%2Fv2%2Fmedia&parent=33227"}],"wp:term":[{"taxonomy":"category","embeddable":true,"href":"https:\/\/radiogecko.com\/index.php?rest_route=%2Fwp%2Fv2%2Fcategories&post=33227"},{"taxonomy":"post_tag","embeddable":true,"href":"https:\/\/radiogecko.com\/index.php?rest_route=%2Fwp%2Fv2%2Ftags&post=33227"}],"curies":[{"name":"wp","href":"https:\/\/api.w.org\/{rel}","templated":true}]}}