{"id":33736,"date":"2024-10-11T13:19:25","date_gmt":"2024-10-11T18:19:25","guid":{"rendered":"https:\/\/radiogecko.com\/?p=33736"},"modified":"2024-10-11T18:19:26","modified_gmt":"2024-10-11T18:19:26","slug":"adrian-quiroz-agradece-al-gobernador-huacho-diaz-mena-por-apoyos-a-los-afectados-por-el-huracan-milton-en-tizimin","status":"publish","type":"post","link":"https:\/\/radiogecko.com\/?p=33736","title":{"rendered":"Adri\u00e1n Quiroz agradece al gobernador Huacho D\u00edaz Mena por apoyos a los afectados por el Hurac\u00e1n Milton en Tizim\u00edn"},"content":{"rendered":"<p>\ud83d\udd38 El alcalde asegur\u00f3 que la visita del mandatario estatal marca un paso importante hacia la recuperaci\u00f3n de las comunidades afectadas por el fen\u00f3meno meteorol\u00f3gico<\/p>\n<p>#YUCAT\u00c1N | El presidente municipal de Tizim\u00edn, Adri\u00e1n Quiroz, expres\u00f3 su agradecimiento al gobernador Huacho D\u00edaz Mena por su visita a la localidad, donde se entregaron apoyos a las familias afectadas por el hurac\u00e1n Milton. En un acto que subraya la colaboraci\u00f3n entre niveles de gobierno, Quiroz resalt\u00f3 el compromiso del mandatario con la comunidad y su enfoque en las necesidades de la poblaci\u00f3n.<\/p>\n<p>\u00abHonrados de recibir al gobernador Huacho D\u00edaz Mena en El Cuyo trayendo apoyos para afectados por el hurac\u00e1n Milton. Su compromiso con el pueblo es primero\u00bb, declar\u00f3 Quiroz durante el evento. La entrega de recursos y asistencia es parte de una estrategia m\u00e1s amplia para garantizar que los damnificados reciban el apoyo necesario para su recuperaci\u00f3n.<\/p>\n<p>El presidente municipal tambi\u00e9n destac\u00f3 que el lema \u00abM\u00e1s territorio, menos escritorio\u00bb no es solo un eslogan, sino una realidad tangible que se vive y aplica en la gesti\u00f3n del gobernador. \u00abSeguimos su ejemplo\u00bb, a\u00f1adi\u00f3, refiri\u00e9ndose a la cercan\u00eda y el trabajo en terreno que caracteriza la administraci\u00f3n de D\u00edaz Mena.<\/p>\n<p>La visita del gobernador y los apoyos entregados marcan un paso importante hacia la recuperaci\u00f3n de las comunidades afectadas, reafirmando la importancia de la unidad y la solidaridad en tiempos de crisis. Quiroz agradeci\u00f3 sinceramente el \u201camor al pueblo\u201d que muestra el gobernador, subrayando que juntos, gobierno y comunidad, est\u00e1n en el camino hacia un futuro m\u00e1s resiliente y esperanzador.<\/p>\n","protected":false},"excerpt":{"rendered":"<p>\ud83d\udd38 El alcalde asegur\u00f3 que la visita del mandatario estatal marca un paso importante hacia la recuperaci\u00f3n de las comunidades afectadas por el fen\u00f3meno meteorol\u00f3gico #YUCAT\u00c1N | El presidente municipal&hellip;<\/p>\n","protected":false},"author":1,"featured_media":33738,"comment_status":"open","ping_status":"closed","sticky":false,"template":"","format":"standard","meta":{"footnotes":""},"categories":[26],"tags":[],"class_list":["post-33736","post","type-post","status-publish","format-standard","has-post-thumbnail","hentry","category-yucatan"],"_links":{"self":[{"href":"https:\/\/radiogecko.com\/index.php?rest_route=\/wp\/v2\/posts\/33736","targetHints":{"allow":["GET"]}}],"collection":[{"href":"https:\/\/radiogecko.com\/index.php?rest_route=\/wp\/v2\/posts"}],"about":[{"href":"https:\/\/radiogecko.com\/index.php?rest_route=\/wp\/v2\/types\/post"}],"author":[{"embeddable":true,"href":"https:\/\/radiogecko.com\/index.php?rest_route=\/wp\/v2\/users\/1"}],"replies":[{"embeddable":true,"href":"https:\/\/radiogecko.com\/index.php?rest_route=%2Fwp%2Fv2%2Fcomments&post=33736"}],"version-history":[{"count":1,"href":"https:\/\/radiogecko.com\/index.php?rest_route=\/wp\/v2\/posts\/33736\/revisions"}],"predecessor-version":[{"id":33737,"href":"https:\/\/radiogecko.com\/index.php?rest_route=\/wp\/v2\/posts\/33736\/revisions\/33737"}],"wp:featuredmedia":[{"embeddable":true,"href":"https:\/\/radiogecko.com\/index.php?rest_route=\/wp\/v2\/media\/33738"}],"wp:attachment":[{"href":"https:\/\/radiogecko.com\/index.php?rest_route=%2Fwp%2Fv2%2Fmedia&parent=33736"}],"wp:term":[{"taxonomy":"category","embeddable":true,"href":"https:\/\/radiogecko.com\/index.php?rest_route=%2Fwp%2Fv2%2Fcategories&post=33736"},{"taxonomy":"post_tag","embeddable":true,"href":"https:\/\/radiogecko.com\/index.php?rest_route=%2Fwp%2Fv2%2Ftags&post=33736"}],"curies":[{"name":"wp","href":"https:\/\/api.w.org\/{rel}","templated":true}]}}