{"id":33763,"date":"2024-10-12T19:43:36","date_gmt":"2024-10-13T00:43:36","guid":{"rendered":"https:\/\/radiogecko.com\/?p=33763"},"modified":"2024-10-13T00:43:37","modified_gmt":"2024-10-13T00:43:37","slug":"el-tiempo-me-dio-la-razon-adrian-marcelo-tras-confirmar-que-gala-montes-no-sufria-depresion","status":"publish","type":"post","link":"https:\/\/radiogecko.com\/?p=33763","title":{"rendered":"\u00abEl tiempo me dio la raz\u00f3n\u00bb: Adri\u00e1n Marcelo tras confirmar que Gala Montes no sufr\u00eda depresi\u00f3n"},"content":{"rendered":"<p>\ud83d\udd38 El influencer regio habl\u00f3 sobre su rivalidad con Montes, situaci\u00f3n que termin\u00f3 en su abandono de La Casa de los Famosos M\u00e9xico.<\/p>\n<p>#ESPECT\u00c1CULOS | Tras varias semanas de terminar La Casa de los Famosos M\u00e9xico, Adri\u00e1n Marcelo regres\u00f3 a YouTube, primero con un Radar paseando por una de las colonias m\u00e1s peligrosas de Nuevo Le\u00f3n y ahora a su podcast Hermanos de Leche.<\/p>\n<p>En este programa, junto a Iv\u00e1n Fematt \u2018La Mole\u2019, el influencer regio habl\u00f3 sobre su paso por el reality show de Televisa y por primera vez, habl\u00f3 de las pol\u00e9micas que atraves\u00f3 con los integrantes del \u2018Team Mar\u2019.<\/p>\n<p>Adri\u00e1n Marcelo confes\u00f3 \u201cque le falt\u00f3 experiencia\u201d y por eso no gan\u00f3 La Casa de los Famosos M\u00e9xico, pues su intenci\u00f3n era entretener a la audiencia con situaciones que provocaran morbo.<\/p>\n<p>Adem\u00e1s, por primera vez habl\u00f3 de su discusi\u00f3n con Gala Montes, la cual termin\u00f3 en su salida de La Casa de los Famosos M\u00e9xico.<\/p>\n<p>Cabe destacar que el influencer regio en ning\u00fan momento mencion\u00f3 el nombre de la actriz mexicana, pero record\u00f3 aquella pelea antes de abandonar el reality show.<\/p>\n<p>\u00abAquel m\u00edtico lunes, en la madrugada en el que se da esa pelea, yo vuelvo a ver esa pelea y no encuentro los elementos para que\u2026 se haya pronunciado\u00bb, comenz\u00f3 recordando.<br \/>\nMarcelo celebr\u00f3 que \u00abel tiempo le dio la raz\u00f3n\u00bb, pues en m\u00faltiples ocasiones se\u00f1al\u00f3 que Gala Montes no sufr\u00eda depresi\u00f3n, algo que ella afirm\u00f3 en repetidas ocasiones.<\/p>\n<p>En redes sociales surgi\u00f3 una campa\u00f1a en contra de Adri\u00e1n Marcelo por supuestamente atacar psicol\u00f3gicamente a Gala, sin embargo, \u00e9l insisti\u00f3 en que el diagn\u00f3stico que ella aseguraba tener era falso.<\/p>\n<p>\u00abMuchos dicen \u2018es que est\u00e1s atacando a alguien usando su salud mental\u2019, lo que yo ya hab\u00eda detectado es que no hab\u00eda ning\u00fan tema de salud mental y el tiempo me dio la raz\u00f3n, sus mismas palabras es \u2018no estaba deprimida\u2019. El inconsciente te traiciona\u00bb, se\u00f1al\u00f3.<\/p>\n","protected":false},"excerpt":{"rendered":"<p>\ud83d\udd38 El influencer regio habl\u00f3 sobre su rivalidad con Montes, situaci\u00f3n que termin\u00f3 en su abandono de La Casa de los Famosos M\u00e9xico. #ESPECT\u00c1CULOS | Tras varias semanas de terminar&hellip;<\/p>\n","protected":false},"author":1,"featured_media":33765,"comment_status":"open","ping_status":"closed","sticky":false,"template":"","format":"standard","meta":{"footnotes":""},"categories":[3],"tags":[],"class_list":["post-33763","post","type-post","status-publish","format-standard","has-post-thumbnail","hentry","category-espectaculos"],"_links":{"self":[{"href":"https:\/\/radiogecko.com\/index.php?rest_route=\/wp\/v2\/posts\/33763","targetHints":{"allow":["GET"]}}],"collection":[{"href":"https:\/\/radiogecko.com\/index.php?rest_route=\/wp\/v2\/posts"}],"about":[{"href":"https:\/\/radiogecko.com\/index.php?rest_route=\/wp\/v2\/types\/post"}],"author":[{"embeddable":true,"href":"https:\/\/radiogecko.com\/index.php?rest_route=\/wp\/v2\/users\/1"}],"replies":[{"embeddable":true,"href":"https:\/\/radiogecko.com\/index.php?rest_route=%2Fwp%2Fv2%2Fcomments&post=33763"}],"version-history":[{"count":1,"href":"https:\/\/radiogecko.com\/index.php?rest_route=\/wp\/v2\/posts\/33763\/revisions"}],"predecessor-version":[{"id":33764,"href":"https:\/\/radiogecko.com\/index.php?rest_route=\/wp\/v2\/posts\/33763\/revisions\/33764"}],"wp:featuredmedia":[{"embeddable":true,"href":"https:\/\/radiogecko.com\/index.php?rest_route=\/wp\/v2\/media\/33765"}],"wp:attachment":[{"href":"https:\/\/radiogecko.com\/index.php?rest_route=%2Fwp%2Fv2%2Fmedia&parent=33763"}],"wp:term":[{"taxonomy":"category","embeddable":true,"href":"https:\/\/radiogecko.com\/index.php?rest_route=%2Fwp%2Fv2%2Fcategories&post=33763"},{"taxonomy":"post_tag","embeddable":true,"href":"https:\/\/radiogecko.com\/index.php?rest_route=%2Fwp%2Fv2%2Ftags&post=33763"}],"curies":[{"name":"wp","href":"https:\/\/api.w.org\/{rel}","templated":true}]}}