{"id":33901,"date":"2024-10-21T11:59:39","date_gmt":"2024-10-21T16:59:39","guid":{"rendered":"https:\/\/radiogecko.com\/?p=33901"},"modified":"2024-10-21T16:59:40","modified_gmt":"2024-10-21T16:59:40","slug":"lluvias-abren-socavon-en-veracruz","status":"publish","type":"post","link":"https:\/\/radiogecko.com\/?p=33901","title":{"rendered":"Lluvias abren socav\u00f3n en Veracruz"},"content":{"rendered":"<p>\ud83d\udd38 El puerto se registr\u00f3 afectaciones derivado de los aguaceros de las \u00faltimas horas; se esperan m\u00e1s precipitaciones este lunes<\/p>\n<p>#NACIONAL | Las lluvias de las \u00faltimas horas en el puerto de Veracruz han dejado diversas afectaciones, entre ellas, varias vialidades encharcadas y un socav\u00f3n en el cual cay\u00f3 una camioneta.<\/p>\n<p>El socav\u00f3n se abri\u00f3 en la avenida Matamoros esquina Arrillaga, perteneciente al fraccionamiento Los Pinos, donde una camioneta qued\u00f3 atrapada, resultando ileso su conductor.<\/p>\n<p>Sobre la carretera federal a Xalapa, justo a la altura del fraccionamiento Laguna Real, y en el puente que desemboca en la avenida Ej\u00e9rcito Mexicano, la circulaci\u00f3n es lenta por los encharcamientos que se registran.<\/p>\n<p>Mientras que en el Infonavit Chiver\u00eda, vecinos reportaron que en la madrugada entr\u00f3 un fuerte viento que tir\u00f3 casi todos los \u00e1rboles, ocasionando da\u00f1os a veh\u00edculos, casas, adem\u00e1s de que varias casas se quedaron sin suministro el\u00e9ctrico.<\/p>\n<p>Tambi\u00e9n otras zonas como Geo Villas del Puerto y otras unidades presentan encharcamientos en sus avenidas importantes.<\/p>\n<p>En avenidas como D\u00edaz Mir\u00f3n, a la altura de La Boticaria, Miguel Alem\u00e1n, a la altura del fraccionamiento Floresta, y Mercado Malibr\u00e1n, as\u00ed como la carretera a Ant\u00f3n Lizardo, presentan tambi\u00e9n severos encharcamientos.<\/p>\n<p>El Servicio Meteorol\u00f3gico Nacional (SMN) detall\u00f3 lluvias torrenciales para Veracruz este lunes 21 de octubre, derivadas de canales de baja presi\u00f3n y el Frente Fr\u00edo 5.<\/p>\n","protected":false},"excerpt":{"rendered":"<p>\ud83d\udd38 El puerto se registr\u00f3 afectaciones derivado de los aguaceros de las \u00faltimas horas; se esperan m\u00e1s precipitaciones este lunes #NACIONAL | Las lluvias de las \u00faltimas horas en el&hellip;<\/p>\n","protected":false},"author":1,"featured_media":33903,"comment_status":"open","ping_status":"closed","sticky":false,"template":"","format":"standard","meta":{"footnotes":""},"categories":[2],"tags":[],"class_list":["post-33901","post","type-post","status-publish","format-standard","has-post-thumbnail","hentry","category-nacional"],"_links":{"self":[{"href":"https:\/\/radiogecko.com\/index.php?rest_route=\/wp\/v2\/posts\/33901","targetHints":{"allow":["GET"]}}],"collection":[{"href":"https:\/\/radiogecko.com\/index.php?rest_route=\/wp\/v2\/posts"}],"about":[{"href":"https:\/\/radiogecko.com\/index.php?rest_route=\/wp\/v2\/types\/post"}],"author":[{"embeddable":true,"href":"https:\/\/radiogecko.com\/index.php?rest_route=\/wp\/v2\/users\/1"}],"replies":[{"embeddable":true,"href":"https:\/\/radiogecko.com\/index.php?rest_route=%2Fwp%2Fv2%2Fcomments&post=33901"}],"version-history":[{"count":1,"href":"https:\/\/radiogecko.com\/index.php?rest_route=\/wp\/v2\/posts\/33901\/revisions"}],"predecessor-version":[{"id":33902,"href":"https:\/\/radiogecko.com\/index.php?rest_route=\/wp\/v2\/posts\/33901\/revisions\/33902"}],"wp:featuredmedia":[{"embeddable":true,"href":"https:\/\/radiogecko.com\/index.php?rest_route=\/wp\/v2\/media\/33903"}],"wp:attachment":[{"href":"https:\/\/radiogecko.com\/index.php?rest_route=%2Fwp%2Fv2%2Fmedia&parent=33901"}],"wp:term":[{"taxonomy":"category","embeddable":true,"href":"https:\/\/radiogecko.com\/index.php?rest_route=%2Fwp%2Fv2%2Fcategories&post=33901"},{"taxonomy":"post_tag","embeddable":true,"href":"https:\/\/radiogecko.com\/index.php?rest_route=%2Fwp%2Fv2%2Ftags&post=33901"}],"curies":[{"name":"wp","href":"https:\/\/api.w.org\/{rel}","templated":true}]}}