{"id":33904,"date":"2024-10-21T12:01:15","date_gmt":"2024-10-21T17:01:15","guid":{"rendered":"https:\/\/radiogecko.com\/?p=33904"},"modified":"2024-10-21T17:01:17","modified_gmt":"2024-10-21T17:01:17","slug":"lilian-villanueva-cierra-el-taller-acercamiento-al-pensamiento-caribeno-y-latinoamericano-en-el-festival-de-cultura-del-caribe-2024-%f0%9f%94%b8-el-festival-de-cultura-del-caribe-20","status":"publish","type":"post","link":"https:\/\/radiogecko.com\/?p=33904","title":{"rendered":"Lilian Villanueva cierra el taller \u201cAcercamiento al Pensamiento Caribe\u00f1o y Latinoamericano\u201d en el Festival de Cultura del Caribe 2024  \ud83d\udd38 el Festival de Cultura del Caribe 2024 se consolida como un espacio valioso para la promoci\u00f3n del pensamiento cr\u00edtico y la apreciaci\u00f3n de la diversidad cultural   #QUINTANAROO | En el marco del Festival de Cultura del Caribe 2024, se llev\u00f3 a cabo con \u00e9xito el taller \u201cAcercamiento al Pensamiento Caribe\u00f1o y Latinoamericano\u201d, impartido por el fil\u00f3sofo, poeta y escritor David Ortiz. La clausura del taller, que tuvo lugar en la Biblioteca Javier Rojo G\u00f3mez y fue encabezada por Lilian Villanueva, Directora del Instituto de Cultura y Artes de Quintana Roo.  Villanueva subray\u00f3 la relevancia de generar espacios de reflexi\u00f3n y di\u00e1logo que permitan a los participantes profundizar en la comprensi\u00f3n de la identidad caribe\u00f1a y las problem\u00e1ticas que enfrentan estos pueblos, especialmente en t\u00e9rminos de resistencia cultural. Durante el taller, se exploraron diversas perspectivas sobre la cultura caribe\u00f1a, fomentando un intercambio enriquecedor entre los asistentes.  El evento atrajo a un p\u00fablico diverso, incluyendo j\u00f3venes estudiantes de la carrera en Educaci\u00f3n, estudiantes de secundaria y preparatoria, mediadores de lectura, artistas y ciudadanos interesados en la tem\u00e1tica. Villanueva destac\u00f3 que este tipo de actividades son fundamentales para sensibilizar a las nuevas generaciones sobre la riqueza cultural de la regi\u00f3n y su historia.  Con esta iniciativa, el Festival de Cultura del Caribe 2024 se consolida como un espacio valioso para la promoci\u00f3n del pensamiento cr\u00edtico y la apreciaci\u00f3n de la diversidad cultural, contribuyendo a fortalecer la identidad caribe\u00f1a entre los j\u00f3venes y la comunidad en general."},"content":{"rendered":"<p>Lilian Villanueva cierra el taller \u201cAcercamiento al Pensamiento Caribe\u00f1o y Latinoamericano\u201d en el Festival de Cultura del Caribe 2024<\/p>\n<p>\ud83d\udd38 El Festival de Cultura del Caribe 2024 se consolida como un espacio valioso para la promoci\u00f3n del pensamiento cr\u00edtico y la apreciaci\u00f3n de la diversidad cultural<\/p>\n<p>#QUINTANAROO | En el marco del Festival de Cultura del Caribe 2024, se llev\u00f3 a cabo con \u00e9xito el taller \u201cAcercamiento al Pensamiento Caribe\u00f1o y Latinoamericano\u201d, impartido por el fil\u00f3sofo, poeta y escritor David Ortiz. La clausura del taller, que tuvo lugar en la Biblioteca Javier Rojo G\u00f3mez y fue encabezada por Lilian Villanueva, Directora del Instituto de Cultura y Artes de Quintana Roo.<\/p>\n<p>Villanueva subray\u00f3 la relevancia de generar espacios de reflexi\u00f3n y di\u00e1logo que permitan a los participantes profundizar en la comprensi\u00f3n de la identidad caribe\u00f1a y las problem\u00e1ticas que enfrentan estos pueblos, especialmente en t\u00e9rminos de resistencia cultural. Durante el taller, se exploraron diversas perspectivas sobre la cultura caribe\u00f1a, fomentando un intercambio enriquecedor entre los asistentes.<\/p>\n<p>El evento atrajo a un p\u00fablico diverso, incluyendo j\u00f3venes estudiantes de la carrera en Educaci\u00f3n, estudiantes de secundaria y preparatoria, mediadores de lectura, artistas y ciudadanos interesados en la tem\u00e1tica. Villanueva destac\u00f3 que este tipo de actividades son fundamentales para sensibilizar a las nuevas generaciones sobre la riqueza cultural de la regi\u00f3n y su historia.<\/p>\n<p>Con esta iniciativa, el Festival de Cultura del Caribe 2024 se consolida como un espacio valioso para la promoci\u00f3n del pensamiento cr\u00edtico y la apreciaci\u00f3n de la diversidad cultural, contribuyendo a fortalecer la identidad caribe\u00f1a entre los j\u00f3venes y la comunidad en general.<\/p>\n","protected":false},"excerpt":{"rendered":"<p>Lilian Villanueva cierra el taller \u201cAcercamiento al Pensamiento Caribe\u00f1o y Latinoamericano\u201d en el Festival de Cultura del Caribe 2024 \ud83d\udd38 El Festival de Cultura del Caribe 2024 se consolida como&hellip;<\/p>\n","protected":false},"author":1,"featured_media":33906,"comment_status":"open","ping_status":"closed","sticky":false,"template":"","format":"standard","meta":{"footnotes":""},"categories":[5],"tags":[],"class_list":["post-33904","post","type-post","status-publish","format-standard","has-post-thumbnail","hentry","category-quintana-roo"],"_links":{"self":[{"href":"https:\/\/radiogecko.com\/index.php?rest_route=\/wp\/v2\/posts\/33904","targetHints":{"allow":["GET"]}}],"collection":[{"href":"https:\/\/radiogecko.com\/index.php?rest_route=\/wp\/v2\/posts"}],"about":[{"href":"https:\/\/radiogecko.com\/index.php?rest_route=\/wp\/v2\/types\/post"}],"author":[{"embeddable":true,"href":"https:\/\/radiogecko.com\/index.php?rest_route=\/wp\/v2\/users\/1"}],"replies":[{"embeddable":true,"href":"https:\/\/radiogecko.com\/index.php?rest_route=%2Fwp%2Fv2%2Fcomments&post=33904"}],"version-history":[{"count":1,"href":"https:\/\/radiogecko.com\/index.php?rest_route=\/wp\/v2\/posts\/33904\/revisions"}],"predecessor-version":[{"id":33905,"href":"https:\/\/radiogecko.com\/index.php?rest_route=\/wp\/v2\/posts\/33904\/revisions\/33905"}],"wp:featuredmedia":[{"embeddable":true,"href":"https:\/\/radiogecko.com\/index.php?rest_route=\/wp\/v2\/media\/33906"}],"wp:attachment":[{"href":"https:\/\/radiogecko.com\/index.php?rest_route=%2Fwp%2Fv2%2Fmedia&parent=33904"}],"wp:term":[{"taxonomy":"category","embeddable":true,"href":"https:\/\/radiogecko.com\/index.php?rest_route=%2Fwp%2Fv2%2Fcategories&post=33904"},{"taxonomy":"post_tag","embeddable":true,"href":"https:\/\/radiogecko.com\/index.php?rest_route=%2Fwp%2Fv2%2Ftags&post=33904"}],"curies":[{"name":"wp","href":"https:\/\/api.w.org\/{rel}","templated":true}]}}