{"id":34049,"date":"2024-10-28T11:54:40","date_gmt":"2024-10-28T16:54:40","guid":{"rendered":"https:\/\/radiogecko.com\/?p=34049"},"modified":"2024-10-28T16:54:42","modified_gmt":"2024-10-28T16:54:42","slug":"biby-rabelo-anuncia-la-rehabilitacion-del-parque-de-la-alameda-un-nuevo-espacio-para-las-familias-campechanas","status":"publish","type":"post","link":"https:\/\/radiogecko.com\/?p=34049","title":{"rendered":"Biby Rabelo anuncia la rehabilitaci\u00f3n del Parque de La Alameda, un nuevo espacio para las familias campechanas"},"content":{"rendered":"<p>\ud83d\udd38 La presidenta municipal hizo un llamado a la comunidad para cuidar y mantener en \u00f3ptimas condiciones el lugar<\/p>\n<p>CAMPECHE | La presidenta municipal de Campeche, Biby Rabelo, anunci\u00f3 la exitosa culminaci\u00f3n de los trabajos de rehabilitaci\u00f3n del emblem\u00e1tico Parque de La Alameda. Estas acciones, realizadas por la Alcald\u00eda, incluyeron limpieza, poda de \u00e1rboles, lavado a presi\u00f3n, aplicaci\u00f3n de pintura y reparaci\u00f3n del alumbrado p\u00fablico, con el objetivo de revitalizar este importante espacio p\u00fablico.<\/p>\n<p>\u00abNuestro compromiso es ofrecer un lugar adecuado para el esparcimiento de las familias campechanas. Con estas mejoras, buscamos no solo embellecer el parque, sino tambi\u00e9n fomentar la convivencia y el entretenimiento en un ambiente seguro\u00bb, afirm\u00f3 Rabelo durante una visita al parque.<\/p>\n<p>La presidenta municipal hizo un llamado a la comunidad para cuidar y mantener en \u00f3ptimas condiciones el espacio, destacando la importancia de la participaci\u00f3n ciudadana en la preservaci\u00f3n del entorno. \u00abEs deber de todos proteger nuestro patrimonio y mantenerlo limpio. Contamos con el apoyo de la polic\u00eda para asegurar que La Alameda sea un lugar seguro para todos\u00bb, a\u00f1adi\u00f3.<\/p>\n<p>Con esta rehabilitaci\u00f3n, La Alameda se perfila como un punto de encuentro para diversas actividades recreativas, fortaleciendo as\u00ed el tejido social de la ciudad. La Alcald\u00eda espera que los ciudadanos disfruten de este renovado espacio, contribuyendo a su cuidado y seguridad.<\/p>\n","protected":false},"excerpt":{"rendered":"<p>\ud83d\udd38 La presidenta municipal hizo un llamado a la comunidad para cuidar y mantener en \u00f3ptimas condiciones el lugar CAMPECHE | La presidenta municipal de Campeche, Biby Rabelo, anunci\u00f3 la&hellip;<\/p>\n","protected":false},"author":1,"featured_media":34051,"comment_status":"open","ping_status":"closed","sticky":false,"template":"","format":"standard","meta":{"footnotes":""},"categories":[23],"tags":[],"class_list":["post-34049","post","type-post","status-publish","format-standard","has-post-thumbnail","hentry","category-campeche"],"_links":{"self":[{"href":"https:\/\/radiogecko.com\/index.php?rest_route=\/wp\/v2\/posts\/34049","targetHints":{"allow":["GET"]}}],"collection":[{"href":"https:\/\/radiogecko.com\/index.php?rest_route=\/wp\/v2\/posts"}],"about":[{"href":"https:\/\/radiogecko.com\/index.php?rest_route=\/wp\/v2\/types\/post"}],"author":[{"embeddable":true,"href":"https:\/\/radiogecko.com\/index.php?rest_route=\/wp\/v2\/users\/1"}],"replies":[{"embeddable":true,"href":"https:\/\/radiogecko.com\/index.php?rest_route=%2Fwp%2Fv2%2Fcomments&post=34049"}],"version-history":[{"count":1,"href":"https:\/\/radiogecko.com\/index.php?rest_route=\/wp\/v2\/posts\/34049\/revisions"}],"predecessor-version":[{"id":34050,"href":"https:\/\/radiogecko.com\/index.php?rest_route=\/wp\/v2\/posts\/34049\/revisions\/34050"}],"wp:featuredmedia":[{"embeddable":true,"href":"https:\/\/radiogecko.com\/index.php?rest_route=\/wp\/v2\/media\/34051"}],"wp:attachment":[{"href":"https:\/\/radiogecko.com\/index.php?rest_route=%2Fwp%2Fv2%2Fmedia&parent=34049"}],"wp:term":[{"taxonomy":"category","embeddable":true,"href":"https:\/\/radiogecko.com\/index.php?rest_route=%2Fwp%2Fv2%2Fcategories&post=34049"},{"taxonomy":"post_tag","embeddable":true,"href":"https:\/\/radiogecko.com\/index.php?rest_route=%2Fwp%2Fv2%2Ftags&post=34049"}],"curies":[{"name":"wp","href":"https:\/\/api.w.org\/{rel}","templated":true}]}}