{"id":34162,"date":"2024-11-04T11:55:14","date_gmt":"2024-11-04T16:55:14","guid":{"rendered":"https:\/\/radiogecko.com\/?p=34162"},"modified":"2024-11-04T16:55:30","modified_gmt":"2024-11-04T16:55:30","slug":"celebra-roman-cota-actividades-del-dia-de-muertos-en-tecate","status":"publish","type":"post","link":"https:\/\/radiogecko.com\/?p=34162","title":{"rendered":"Celebra Rom\u00e1n Cota actividades del D\u00eda de Muertos en Tecate"},"content":{"rendered":"<p>\ud83d\udd38 La sociedad civil y el empresariado de la ciudad tuvieron una participaci\u00f3n destacada en las actividades.<\/p>\n<p>#TECATE | Con diversas actividades realizadas en conjunto con representantes de la sociedad civil y empresarial de Tecate, el alcalde Rom\u00e1n Cota Mu\u00f1oz encabez\u00f3 la conmemoraci\u00f3n del D\u00eda de Muertos en el Pueblo M\u00e1gico, con la participaci\u00f3n de miles de ciudadanos y ciudadanas.<\/p>\n<p>En colaboraci\u00f3n con Fundaci\u00f3n La Puerta, el presidente municipal inaugur\u00f3 la edici\u00f3n n\u00famero 24 del Festival del D\u00eda de Muertos en el Parque El Profesor, al cual asistieron cientos de tecatenses y que cont\u00f3 con la participaci\u00f3n del sector empresarial de la ciudad.<\/p>\n<p>Durante la ceremonia, a la que asistieron representantes de la sociedad civil, de la Fundaci\u00f3n, del Congreso del Estado y del Gobierno de Baja California, Cota Mu\u00f1oz entreg\u00f3 un reconocimiento nacional al Parque, obtenido en materia de medio ambiente y sustentabilidad.<\/p>\n<p>Posteriormente, el alcalde particip\u00f3 en la Carrera de las \u00c1nimas, como parte de los eventos enmarcados en el Pan de la Catrina. La carrera, que incluy\u00f3 categor\u00edas de cinco y 10 kil\u00f3metros, cont\u00f3 con la participaci\u00f3n de m\u00e1s de 250 corredores y corredoras.<\/p>\n<p>Asimismo, el mun\u00edcipe form\u00f3 parte de la octava edici\u00f3n de la Callejoneada de La Tuna Real, donde se realiza un recorrido hist\u00f3rico por el primer cuadro de Tecate, rindiendo homenaje a los acontecimientos y personajes que han marcado la vida del Pueblo M\u00e1gico.<\/p>\n<p>A dicho evento cultural, mismo que recorri\u00f3 espacios emblem\u00e1ticos del Centro de Tecate, asisti\u00f3 la secretaria de Cultura de Baja California, Alma Delia \u00c1brego Ceballos.<\/p>\n","protected":false},"excerpt":{"rendered":"<p>\ud83d\udd38 La sociedad civil y el empresariado de la ciudad tuvieron una participaci\u00f3n destacada en las actividades. #TECATE | Con diversas actividades realizadas en conjunto con representantes de la sociedad&hellip;<\/p>\n","protected":false},"author":1,"featured_media":34164,"comment_status":"open","ping_status":"closed","sticky":false,"template":"","format":"standard","meta":{"footnotes":""},"categories":[31],"tags":[],"class_list":["post-34162","post","type-post","status-publish","format-standard","has-post-thumbnail","hentry","category-baja-california"],"_links":{"self":[{"href":"https:\/\/radiogecko.com\/index.php?rest_route=\/wp\/v2\/posts\/34162","targetHints":{"allow":["GET"]}}],"collection":[{"href":"https:\/\/radiogecko.com\/index.php?rest_route=\/wp\/v2\/posts"}],"about":[{"href":"https:\/\/radiogecko.com\/index.php?rest_route=\/wp\/v2\/types\/post"}],"author":[{"embeddable":true,"href":"https:\/\/radiogecko.com\/index.php?rest_route=\/wp\/v2\/users\/1"}],"replies":[{"embeddable":true,"href":"https:\/\/radiogecko.com\/index.php?rest_route=%2Fwp%2Fv2%2Fcomments&post=34162"}],"version-history":[{"count":1,"href":"https:\/\/radiogecko.com\/index.php?rest_route=\/wp\/v2\/posts\/34162\/revisions"}],"predecessor-version":[{"id":34163,"href":"https:\/\/radiogecko.com\/index.php?rest_route=\/wp\/v2\/posts\/34162\/revisions\/34163"}],"wp:featuredmedia":[{"embeddable":true,"href":"https:\/\/radiogecko.com\/index.php?rest_route=\/wp\/v2\/media\/34164"}],"wp:attachment":[{"href":"https:\/\/radiogecko.com\/index.php?rest_route=%2Fwp%2Fv2%2Fmedia&parent=34162"}],"wp:term":[{"taxonomy":"category","embeddable":true,"href":"https:\/\/radiogecko.com\/index.php?rest_route=%2Fwp%2Fv2%2Fcategories&post=34162"},{"taxonomy":"post_tag","embeddable":true,"href":"https:\/\/radiogecko.com\/index.php?rest_route=%2Fwp%2Fv2%2Ftags&post=34162"}],"curies":[{"name":"wp","href":"https:\/\/api.w.org\/{rel}","templated":true}]}}