{"id":34194,"date":"2024-11-05T11:56:48","date_gmt":"2024-11-05T16:56:48","guid":{"rendered":"https:\/\/radiogecko.com\/?p=34194"},"modified":"2024-11-05T16:56:49","modified_gmt":"2024-11-05T16:56:49","slug":"cinthia-teniente-realiza-sesion-solemne-para-tomar-protesta-al-nuevo-patronato-del-dif-en-villagran","status":"publish","type":"post","link":"https:\/\/radiogecko.com\/?p=34194","title":{"rendered":"Cinthia Teniente realiza sesi\u00f3n solemne para tomar protesta al nuevo patronato del DIF en Villagr\u00e1n"},"content":{"rendered":"<p>\ud83d\udd38La presidenta municipal destac\u00f3 la importancia del trabajo conjunto entre las autoridades locales y los nuevos miembros del Patronato para continuar fortaleciendo los programas sociales<\/p>\n<p>#GUANAJUATO | La presidenta municipal de Villagr\u00e1n, Cinthia Teniente, encabez\u00f3 este lunes una sesi\u00f3n solemne del Ayuntamiento con la finalidad de tomar protesta al nuevo Patronato del Sistema para el Desarrollo Integral de la Familia (DIF), el cual ser\u00e1 presidido por el senador Emmanuel Reyes Carmona.<\/p>\n<p>Durante la ceremonia, que tuvo lugar en el sal\u00f3n de sesiones del Ayuntamiento, Teniente destac\u00f3 la importancia del trabajo conjunto entre las autoridades locales y los nuevos miembros del Patronato para continuar fortaleciendo los programas sociales y de apoyo a los sectores m\u00e1s vulnerables del municipio.<\/p>\n<p>\u201cHoy damos un paso importante para seguir brindando bienestar a las y los villagrenses. La integraci\u00f3n de un Patronato comprometido y con gran experiencia, como el encabezado por el senador Reyes Carmona, es fundamental para fortalecer el DIF y hacer llegar los apoyos y servicios a quienes m\u00e1s lo necesitan\u201d, se\u00f1al\u00f3 Cinthia Teniente en su discurso.<\/p>\n<p>El nuevo Patronato del DIF est\u00e1 conformado por destacadas personalidades locales y regionales que, junto al senador Reyes Carmona, trabajar\u00e1n de manera coordinada para mejorar la calidad de vida de las familias villagrenses, especialmente de aquellos en situaci\u00f3n de vulnerabilidad.<\/p>\n<p>Emmanuel Reyes Carmona, quien asume la presidencia del Patronato, es conocido por su trayectoria en el \u00e1mbito pol\u00edtico y social en el estado de Guanajuato, y se ha distinguido por su apoyo a diversas causas sociales. En su intervenci\u00f3n, Reyes Carmona expres\u00f3 su compromiso de trabajar de manera incansable para promover el bienestar social, la atenci\u00f3n a las personas en situaci\u00f3n de pobreza y el fortalecimiento de los programas de salud y educaci\u00f3n en el municipio.<\/p>\n<p>Por otro lado, la alcaldesa Teniente, quien tambi\u00e9n es conocida por su gesti\u00f3n enfocada en la atenci\u00f3n a las necesidades de los sectores m\u00e1s desfavorecidos, destac\u00f3 la importancia de continuar con los honores semanales a la bandera, como parte de las actividades c\u00edvicas que refuerzan los valores patrios y el sentido de comunidad en el municipio. \u00abCada semana, rendir honores a nuestra bandera es un acto que nos recuerda la importancia de la unidad y el compromiso con nuestra naci\u00f3n y con Villagr\u00e1n\u00bb, subray\u00f3.<\/p>\n","protected":false},"excerpt":{"rendered":"<p>\ud83d\udd38La presidenta municipal destac\u00f3 la importancia del trabajo conjunto entre las autoridades locales y los nuevos miembros del Patronato para continuar fortaleciendo los programas sociales #GUANAJUATO | La presidenta municipal&hellip;<\/p>\n","protected":false},"author":1,"featured_media":34196,"comment_status":"open","ping_status":"closed","sticky":false,"template":"","format":"standard","meta":{"footnotes":""},"categories":[39],"tags":[],"class_list":["post-34194","post","type-post","status-publish","format-standard","has-post-thumbnail","hentry","category-guanajuato"],"_links":{"self":[{"href":"https:\/\/radiogecko.com\/index.php?rest_route=\/wp\/v2\/posts\/34194","targetHints":{"allow":["GET"]}}],"collection":[{"href":"https:\/\/radiogecko.com\/index.php?rest_route=\/wp\/v2\/posts"}],"about":[{"href":"https:\/\/radiogecko.com\/index.php?rest_route=\/wp\/v2\/types\/post"}],"author":[{"embeddable":true,"href":"https:\/\/radiogecko.com\/index.php?rest_route=\/wp\/v2\/users\/1"}],"replies":[{"embeddable":true,"href":"https:\/\/radiogecko.com\/index.php?rest_route=%2Fwp%2Fv2%2Fcomments&post=34194"}],"version-history":[{"count":1,"href":"https:\/\/radiogecko.com\/index.php?rest_route=\/wp\/v2\/posts\/34194\/revisions"}],"predecessor-version":[{"id":34195,"href":"https:\/\/radiogecko.com\/index.php?rest_route=\/wp\/v2\/posts\/34194\/revisions\/34195"}],"wp:featuredmedia":[{"embeddable":true,"href":"https:\/\/radiogecko.com\/index.php?rest_route=\/wp\/v2\/media\/34196"}],"wp:attachment":[{"href":"https:\/\/radiogecko.com\/index.php?rest_route=%2Fwp%2Fv2%2Fmedia&parent=34194"}],"wp:term":[{"taxonomy":"category","embeddable":true,"href":"https:\/\/radiogecko.com\/index.php?rest_route=%2Fwp%2Fv2%2Fcategories&post=34194"},{"taxonomy":"post_tag","embeddable":true,"href":"https:\/\/radiogecko.com\/index.php?rest_route=%2Fwp%2Fv2%2Ftags&post=34194"}],"curies":[{"name":"wp","href":"https:\/\/api.w.org\/{rel}","templated":true}]}}