{"id":34237,"date":"2024-11-07T12:31:04","date_gmt":"2024-11-07T17:31:04","guid":{"rendered":"https:\/\/radiogecko.com\/?p=34237"},"modified":"2024-11-07T17:31:05","modified_gmt":"2024-11-07T17:31:05","slug":"inicia-la-consulta-infantil-y-juvenil-2024-en-el-sur-de-sinaloa","status":"publish","type":"post","link":"https:\/\/radiogecko.com\/?p=34237","title":{"rendered":"Inicia la Consulta Infantil y Juvenil 2024 en el sur de Sinaloa"},"content":{"rendered":"<p>\ud83d\udd38 Hacen un llamado a ni\u00f1as, ni\u00f1os y j\u00f3venes a que se sumen a la participaci\u00f3n a partir del 9 de noviembre.<\/p>\n<p>#SINALOA | Consejeros de los distritos electorales 01 y 06 de Mazatl\u00e1n llamaron este mi\u00e9rcoles a ni\u00f1as, ni\u00f1os y j\u00f3venes para participar durante este mes de noviembre en la Consulta Infantil y Juvenil 2024, que organiza el Instituto Nacional Electoral.<\/p>\n<p>Son un total de 392 las casillas que se instalar\u00e1n para que ni\u00f1as, ni\u00f1os y j\u00f3venes de 3 a 17 a\u00f1os participen y compartan sus opiniones en diferentes tem\u00e1ticas de inter\u00e9s para la comunidad, instalados en diferentes centros educativos p\u00fablicos y privados, as\u00ed como en espacios p\u00fablicos.<\/p>\n<p>As\u00ed lo dieron a conocer en rueda de prensa Beatriz Virginia Ram\u00edrez Herrera, Vocal Ejecutiva de Distrito 1, junto a Omar Ernesto Alejandre Galaz, Vocal Ejecutivo del Distrito 6.<\/p>\n<p>\u201cLo que se ha buscado en ediciones recientes, es que los resultados que se obtengan de esta consulta, sean, primero, estad\u00edsticamente significativos. Esto quiere decir que lo que salga en la consulta represente a la totalidad de los ni\u00f1os, ni\u00f1as y adolescentes del Pa\u00eds\u201d, dijo Alejandre Galaz.<\/p>\n<p>Para este ejercicio, se espera superar el n\u00famero de ni\u00f1os y j\u00f3venes que se sumaron en la \u00faltima consulta realizada en el 2021, que registr\u00f3 un aproximado de 26 mil participantes.<\/p>\n<p>Durante la edici\u00f3n 2024 de la Consulta Infantil y Juvenil, se estar\u00e1n abordando tres tem\u00e1ticas, las cuales son seguridad en los espacios comunitarios, cuidado del medio ambiente y de los animales y la prevenci\u00f3n de adicciones.<\/p>\n<p>\u201cCada 3 a\u00f1os se sacan tres tem\u00e1ticas que tienen que ver con la realidad del momento. La cotidianidad que viven los ni\u00f1os, ni\u00f1as y adolescentes y que opinan sobre estas tres tem\u00e1ticas\u201d, se\u00f1al\u00f3 Ram\u00edrez Herrera.<\/p>\n<p>Los vocales se\u00f1alaron que por motivos de falta de personal, no se podr\u00e1 realizar la consulta en todas las instancias educativas del estado, por lo que invitaron a aquellos ni\u00f1os y j\u00f3venes a los que no se les visite en sus escuelas, realicen el ejercicio de forma virtual en la direcci\u00f3n electr\u00f3nica compartida por el INE en sus redes sociales.<\/p>\n<p>El Distrito 1 contar\u00e1 con un total de 183 casillas instaladas, de las cuales 172 estar\u00e1n repartidas en escuelas de Mazatl\u00e1n, Concordia, El Rosario y Escuinapa, mientras que 9 se instalar\u00e1n en espacios p\u00fablicos y 2 en los m\u00f3dulos de atenci\u00f3n del INE.<\/p>\n<p>Por su parte el Distrito 6 instalar\u00e1 209 casillas, ubicadas 193 en centros educativos del puerto, 10 de ellas en espacios p\u00fablicos, 5 ser\u00e1n casillas itinerantes que se colocar\u00e1n en instancias de apoyo social y 1 de forma permanente en el m\u00f3dulo de atenci\u00f3n del INE ubicado en la colonia S\u00e1nchez Celis.<\/p>\n","protected":false},"excerpt":{"rendered":"<p>\ud83d\udd38 Hacen un llamado a ni\u00f1as, ni\u00f1os y j\u00f3venes a que se sumen a la participaci\u00f3n a partir del 9 de noviembre. #SINALOA | Consejeros de los distritos electorales 01&hellip;<\/p>\n","protected":false},"author":1,"featured_media":34239,"comment_status":"open","ping_status":"closed","sticky":false,"template":"","format":"standard","meta":{"footnotes":""},"categories":[34],"tags":[],"class_list":["post-34237","post","type-post","status-publish","format-standard","has-post-thumbnail","hentry","category-sinaloa"],"_links":{"self":[{"href":"https:\/\/radiogecko.com\/index.php?rest_route=\/wp\/v2\/posts\/34237","targetHints":{"allow":["GET"]}}],"collection":[{"href":"https:\/\/radiogecko.com\/index.php?rest_route=\/wp\/v2\/posts"}],"about":[{"href":"https:\/\/radiogecko.com\/index.php?rest_route=\/wp\/v2\/types\/post"}],"author":[{"embeddable":true,"href":"https:\/\/radiogecko.com\/index.php?rest_route=\/wp\/v2\/users\/1"}],"replies":[{"embeddable":true,"href":"https:\/\/radiogecko.com\/index.php?rest_route=%2Fwp%2Fv2%2Fcomments&post=34237"}],"version-history":[{"count":1,"href":"https:\/\/radiogecko.com\/index.php?rest_route=\/wp\/v2\/posts\/34237\/revisions"}],"predecessor-version":[{"id":34238,"href":"https:\/\/radiogecko.com\/index.php?rest_route=\/wp\/v2\/posts\/34237\/revisions\/34238"}],"wp:featuredmedia":[{"embeddable":true,"href":"https:\/\/radiogecko.com\/index.php?rest_route=\/wp\/v2\/media\/34239"}],"wp:attachment":[{"href":"https:\/\/radiogecko.com\/index.php?rest_route=%2Fwp%2Fv2%2Fmedia&parent=34237"}],"wp:term":[{"taxonomy":"category","embeddable":true,"href":"https:\/\/radiogecko.com\/index.php?rest_route=%2Fwp%2Fv2%2Fcategories&post=34237"},{"taxonomy":"post_tag","embeddable":true,"href":"https:\/\/radiogecko.com\/index.php?rest_route=%2Fwp%2Fv2%2Ftags&post=34237"}],"curies":[{"name":"wp","href":"https:\/\/api.w.org\/{rel}","templated":true}]}}