{"id":34361,"date":"2024-11-12T11:33:06","date_gmt":"2024-11-12T16:33:06","guid":{"rendered":"https:\/\/radiogecko.com\/?p=34361"},"modified":"2024-11-12T16:33:08","modified_gmt":"2024-11-12T16:33:08","slug":"nancy-nunez-celebra-los-50-anos-de-la-uam-azcapotzalco-un-pilar-de-la-educacion-y-la-transformacion-social","status":"publish","type":"post","link":"https:\/\/radiogecko.com\/?p=34361","title":{"rendered":"Nancy N\u00fa\u00f1ez celebra los 50 a\u00f1os de la UAM Azcapotzalco: Un pilar de la educaci\u00f3n y la transformaci\u00f3n social"},"content":{"rendered":"<p>\ud83d\udd38 La alcaldesa destac\u00f3 el papel de la universidad en la formaci\u00f3n de profesionistas y su impacto en la regi\u00f3n<\/p>\n<p>#CDMX | La alcaldesa de Azcapotzalco, Nancy N\u00fa\u00f1ez, asisti\u00f3 este d\u00eda a los festejos por el 50 aniversario de la Universidad Aut\u00f3noma Metropolitana (UAM) Azcapotzalco, una de las instituciones educativas m\u00e1s importantes del pa\u00eds y un pilar en la formaci\u00f3n de profesionales comprometidos con el desarrollo social y cient\u00edfico de M\u00e9xico.<\/p>\n<p>Durante el evento, celebrado en el campus de la UAM Azcapotzalco, la alcaldesa expres\u00f3 su orgullo y reconocimiento por medio siglo de trayectoria de la universidad. En su intervenci\u00f3n, destac\u00f3 la trascendencia de esta instituci\u00f3n no solo en el \u00e1mbito acad\u00e9mico, sino tambi\u00e9n en su contribuci\u00f3n a la transformaci\u00f3n social de la regi\u00f3n y el pa\u00eds.<\/p>\n<p>\u00abHoy tuve el honor de ser invitada a celebrar los 50 a\u00f1os de nuestra querida UAM Azcapotzalco, una instituci\u00f3n fundamental en la formaci\u00f3n de grandes profesionistas. \u00a1Gracias a la UAM Azcapotzalco por medio siglo de compromiso con la educaci\u00f3n y la transformaci\u00f3n social!\u00bb, expres\u00f3 Nancy N\u00fa\u00f1ez ante estudiantes, profesores, y autoridades acad\u00e9micas.<\/p>\n<p>La UAM Azcapotzalco, desde su creaci\u00f3n en 1974, ha sido una de las universidades m\u00e1s influyentes en la Ciudad de M\u00e9xico, ofreciendo programas educativos en diversas \u00e1reas del conocimiento y formando a miles de profesionistas que han tenido un impacto significativo en el desarrollo econ\u00f3mico, social y cultural de la regi\u00f3n.<\/p>\n<p>La celebraci\u00f3n de este aniversario no solo fue un acto de agradecimiento, sino tambi\u00e9n una oportunidad para reflexionar sobre los retos que enfrentan las universidades en la actualidad y la importancia de seguir fortaleciendo la educaci\u00f3n como herramienta de cambio social.<\/p>\n<p>Con esta conmemoraci\u00f3n, la UAM Azcapotzalco reafirma su compromiso con la excelencia educativa y la formaci\u00f3n integral de estudiantes, al mismo tiempo que sigue desempe\u00f1ando un papel clave en el crecimiento y la transformaci\u00f3n de la Alcald\u00eda Azcapotzalco y de la sociedad mexicana en general.<\/p>\n","protected":false},"excerpt":{"rendered":"<p>\ud83d\udd38 La alcaldesa destac\u00f3 el papel de la universidad en la formaci\u00f3n de profesionistas y su impacto en la regi\u00f3n #CDMX | La alcaldesa de Azcapotzalco, Nancy N\u00fa\u00f1ez, asisti\u00f3 este&hellip;<\/p>\n","protected":false},"author":1,"featured_media":34363,"comment_status":"open","ping_status":"closed","sticky":false,"template":"","format":"standard","meta":{"footnotes":""},"categories":[28],"tags":[],"class_list":["post-34361","post","type-post","status-publish","format-standard","has-post-thumbnail","hentry","category-cdmx"],"_links":{"self":[{"href":"https:\/\/radiogecko.com\/index.php?rest_route=\/wp\/v2\/posts\/34361","targetHints":{"allow":["GET"]}}],"collection":[{"href":"https:\/\/radiogecko.com\/index.php?rest_route=\/wp\/v2\/posts"}],"about":[{"href":"https:\/\/radiogecko.com\/index.php?rest_route=\/wp\/v2\/types\/post"}],"author":[{"embeddable":true,"href":"https:\/\/radiogecko.com\/index.php?rest_route=\/wp\/v2\/users\/1"}],"replies":[{"embeddable":true,"href":"https:\/\/radiogecko.com\/index.php?rest_route=%2Fwp%2Fv2%2Fcomments&post=34361"}],"version-history":[{"count":1,"href":"https:\/\/radiogecko.com\/index.php?rest_route=\/wp\/v2\/posts\/34361\/revisions"}],"predecessor-version":[{"id":34362,"href":"https:\/\/radiogecko.com\/index.php?rest_route=\/wp\/v2\/posts\/34361\/revisions\/34362"}],"wp:featuredmedia":[{"embeddable":true,"href":"https:\/\/radiogecko.com\/index.php?rest_route=\/wp\/v2\/media\/34363"}],"wp:attachment":[{"href":"https:\/\/radiogecko.com\/index.php?rest_route=%2Fwp%2Fv2%2Fmedia&parent=34361"}],"wp:term":[{"taxonomy":"category","embeddable":true,"href":"https:\/\/radiogecko.com\/index.php?rest_route=%2Fwp%2Fv2%2Fcategories&post=34361"},{"taxonomy":"post_tag","embeddable":true,"href":"https:\/\/radiogecko.com\/index.php?rest_route=%2Fwp%2Fv2%2Ftags&post=34361"}],"curies":[{"name":"wp","href":"https:\/\/api.w.org\/{rel}","templated":true}]}}