{"id":34398,"date":"2024-11-14T11:40:59","date_gmt":"2024-11-14T16:40:59","guid":{"rendered":"https:\/\/radiogecko.com\/?p=34398"},"modified":"2024-11-14T16:41:00","modified_gmt":"2024-11-14T16:41:00","slug":"gerardo-vargas-landeros-entrega-titulos-de-propiedad-a-970-familias-de-ahome","status":"publish","type":"post","link":"https:\/\/radiogecko.com\/?p=34398","title":{"rendered":"Gerardo Vargas Landeros entrega T\u00edtulos de Propiedad a 970 familias de Ahome"},"content":{"rendered":"<p>\ud83d\udd38 El Presidente Municipal agradeci\u00f3 la gesti\u00f3n del gobernador Rub\u00e9n Rocha Moya y resalt\u00f3 el impacto positivo de la entrega en la seguridad jur\u00eddica de las familias<\/p>\n<p>#SINALOA | El Presidente Municipal de Ahome, Gerardo Vargas Landeros, agradeci\u00f3 al Gobernador Rub\u00e9n Rocha Moya por su apoyo en la entrega de t\u00edtulos de propiedad a 970 familias del municipio, un proceso que ha sido esperado durante d\u00e9cadas por los beneficiarios.<\/p>\n<p>Durante el acto, Vargas Landeros destac\u00f3 que este logro representa un avance significativo en la seguridad y certeza jur\u00eddica para las familias de Ahome. \u00abHoy, 970 familias reciben el t\u00edtulo de propiedad que han esperado por d\u00e9cadas. Tienen en sus manos el documento que les garantiza seguridad y certeza jur\u00eddica\u00bb, expres\u00f3 el edil.<\/p>\n<p>Este esfuerzo forma parte de una serie de acciones del Gobierno de Ahome para regularizar la tenencia de la tierra y garantizar que m\u00e1s ciudadanos puedan acceder a los beneficios legales y patrimoniales que conlleva contar con un t\u00edtulo de propiedad formal.<\/p>\n<p>Vargas Landeros tambi\u00e9n resalt\u00f3 que este es solo el comienzo de una serie de buenas noticias para el municipio. \u00abLas buenas noticias van a seguir para Ahome\u00bb, asegur\u00f3, destacando que el trabajo conjunto con el Gobierno Estatal continuar\u00e1 para atender las necesidades de los habitantes del municipio.<\/p>\n","protected":false},"excerpt":{"rendered":"<p>\ud83d\udd38 El Presidente Municipal agradeci\u00f3 la gesti\u00f3n del gobernador Rub\u00e9n Rocha Moya y resalt\u00f3 el impacto positivo de la entrega en la seguridad jur\u00eddica de las familias #SINALOA | El&hellip;<\/p>\n","protected":false},"author":1,"featured_media":34400,"comment_status":"open","ping_status":"closed","sticky":false,"template":"","format":"standard","meta":{"footnotes":""},"categories":[34],"tags":[],"class_list":["post-34398","post","type-post","status-publish","format-standard","has-post-thumbnail","hentry","category-sinaloa"],"_links":{"self":[{"href":"https:\/\/radiogecko.com\/index.php?rest_route=\/wp\/v2\/posts\/34398","targetHints":{"allow":["GET"]}}],"collection":[{"href":"https:\/\/radiogecko.com\/index.php?rest_route=\/wp\/v2\/posts"}],"about":[{"href":"https:\/\/radiogecko.com\/index.php?rest_route=\/wp\/v2\/types\/post"}],"author":[{"embeddable":true,"href":"https:\/\/radiogecko.com\/index.php?rest_route=\/wp\/v2\/users\/1"}],"replies":[{"embeddable":true,"href":"https:\/\/radiogecko.com\/index.php?rest_route=%2Fwp%2Fv2%2Fcomments&post=34398"}],"version-history":[{"count":1,"href":"https:\/\/radiogecko.com\/index.php?rest_route=\/wp\/v2\/posts\/34398\/revisions"}],"predecessor-version":[{"id":34399,"href":"https:\/\/radiogecko.com\/index.php?rest_route=\/wp\/v2\/posts\/34398\/revisions\/34399"}],"wp:featuredmedia":[{"embeddable":true,"href":"https:\/\/radiogecko.com\/index.php?rest_route=\/wp\/v2\/media\/34400"}],"wp:attachment":[{"href":"https:\/\/radiogecko.com\/index.php?rest_route=%2Fwp%2Fv2%2Fmedia&parent=34398"}],"wp:term":[{"taxonomy":"category","embeddable":true,"href":"https:\/\/radiogecko.com\/index.php?rest_route=%2Fwp%2Fv2%2Fcategories&post=34398"},{"taxonomy":"post_tag","embeddable":true,"href":"https:\/\/radiogecko.com\/index.php?rest_route=%2Fwp%2Fv2%2Ftags&post=34398"}],"curies":[{"name":"wp","href":"https:\/\/api.w.org\/{rel}","templated":true}]}}