{"id":34480,"date":"2024-11-19T11:25:40","date_gmt":"2024-11-19T16:25:40","guid":{"rendered":"https:\/\/radiogecko.com\/?p=34480"},"modified":"2024-11-19T16:25:41","modified_gmt":"2024-11-19T16:25:41","slug":"ricardo-monreal-detalla-el-avance-legislativo-en-materia-economica-y-las-reformas-en-curso","status":"publish","type":"post","link":"https:\/\/radiogecko.com\/?p=34480","title":{"rendered":"Ricardo Monreal detalla el avance legislativo en materia econ\u00f3mica y las reformas en curso"},"content":{"rendered":"<p>\ud83d\udd38 El coordinador de la bancada de Morena en la C\u00e1mara de Diputados destac\u00f3 la agenda legislativa para esta semana, incluyendo la aprobaci\u00f3n del art\u00edculo 21 constitucional y los trabajos en torno a la reforma de \u00f3rganos aut\u00f3nomos<\/p>\n<p>#CDMX | El diputado Ricardo Monreal \u00c1vila, coordinador del Grupo Parlamentario de Morena y presidente de la Junta de Coordinaci\u00f3n Pol\u00edtica (Jucopo) en la C\u00e1mara de Diputados, ofreci\u00f3 un balance sobre las acciones legislativas en curso, destacando que la mayor\u00eda de los legisladores respaldan la pol\u00edtica econ\u00f3mica de la presidenta Claudia Sheinbaum, quien recientemente particip\u00f3 en la reuni\u00f3n del G20 en Brasil. Monreal felicit\u00f3 a Sheinbaum por su desempe\u00f1o en dicho foro internacional y reiter\u00f3 el compromiso del Congreso con la estabilidad econ\u00f3mica de M\u00e9xico.<\/p>\n<p>En su mensaje a trav\u00e9s de redes sociales, Monreal adelant\u00f3 que esta semana la C\u00e1mara de Diputados trabajar\u00e1 en la probable aprobaci\u00f3n del art\u00edculo 21 constitucional, en calidad de C\u00e1mara revisora. \u201cEstamos tratando de refrendar el modelo que garantice la libre competencia y la libre concurrencia en diversas actividades econ\u00f3micas, incluyendo sectores clave como el de telecomunicaciones y radiodifusi\u00f3n, siempre alineados con los compromisos internacionales que M\u00e9xico ha asumido, como el T-MEC\u201d, indic\u00f3.<\/p>\n<p>El tambi\u00e9n presidente de la Jucopo destac\u00f3 que se discutir\u00e1 en esta semana el dictamen sobre simplificaci\u00f3n org\u00e1nica, que propone la extinci\u00f3n de ciertos \u00d3rganos Constitucionales Aut\u00f3nomos, aunque subray\u00f3 que se garantizar\u00e1 que los organismos relevantes mantengan su independencia t\u00e9cnica y autoridad. \u201cEl prop\u00f3sito es asegurar que no se distorsionen las regulaciones en materia econ\u00f3mica, pero siempre cuidando que estos cambios no afecten los derechos de los trabajadores ni los compromisos comerciales que M\u00e9xico tiene a nivel internacional\u201d, explic\u00f3.<\/p>\n<p>En relaci\u00f3n con la reforma, Monreal reiter\u00f3 que uno de los principios fundamentales es la protecci\u00f3n de los derechos laborales. \u201cNos aseguraremos de que no se afecten los derechos adquiridos de los trabajadores, y que todos puedan mantener sus conquistas. Los transitorios de la reforma estar\u00e1n orientados a proteger la antig\u00fcedad y los derechos de los empleados en los organismos afectados\u201d, enfatiz\u00f3 el legislador.<\/p>\n<p>Adem\u00e1s, Monreal hizo un llamado a la importancia de la comparecencia del secretario de Hacienda, programada para el mi\u00e9rcoles 20 de noviembre. Durante la comparecencia, se abordar\u00e1 el estado de la administraci\u00f3n p\u00fablica en materia econ\u00f3mica, as\u00ed como los Criterios de Pol\u00edtica Econ\u00f3mica, el Presupuesto de Egresos, la Ley de Ingresos y la Miscel\u00e1nea Fiscal, que deben ser aprobados por ambas c\u00e1maras. En este sentido, destac\u00f3 que el trabajo de su bancada continuar\u00e1 con reuniones permanentes con funcionarios de Hacienda para revisar los rubros clave y proceder con la aprobaci\u00f3n de la Ley de Ingresos y la Miscel\u00e1nea Fiscal hacia el 27 de noviembre.<\/p>\n<p>\u201cEl ejercicio constitucionalmente establecido es comenzar con la Ley de Ingresos para conocer los recursos disponibles y, a partir de ah\u00ed, distribuirlos en el Presupuesto. Esperamos tener todo listo para el 13 de diciembre, lo que permitir\u00e1 iniciar el an\u00e1lisis y la aprobaci\u00f3n del Presupuesto de Egresos de la Federaci\u00f3n\u201d, concluy\u00f3 Monreal.<\/p>\n","protected":false},"excerpt":{"rendered":"<p>\ud83d\udd38 El coordinador de la bancada de Morena en la C\u00e1mara de Diputados destac\u00f3 la agenda legislativa para esta semana, incluyendo la aprobaci\u00f3n del art\u00edculo 21 constitucional y los trabajos&hellip;<\/p>\n","protected":false},"author":1,"featured_media":34482,"comment_status":"open","ping_status":"closed","sticky":false,"template":"","format":"standard","meta":{"footnotes":""},"categories":[28],"tags":[],"class_list":["post-34480","post","type-post","status-publish","format-standard","has-post-thumbnail","hentry","category-cdmx"],"_links":{"self":[{"href":"https:\/\/radiogecko.com\/index.php?rest_route=\/wp\/v2\/posts\/34480","targetHints":{"allow":["GET"]}}],"collection":[{"href":"https:\/\/radiogecko.com\/index.php?rest_route=\/wp\/v2\/posts"}],"about":[{"href":"https:\/\/radiogecko.com\/index.php?rest_route=\/wp\/v2\/types\/post"}],"author":[{"embeddable":true,"href":"https:\/\/radiogecko.com\/index.php?rest_route=\/wp\/v2\/users\/1"}],"replies":[{"embeddable":true,"href":"https:\/\/radiogecko.com\/index.php?rest_route=%2Fwp%2Fv2%2Fcomments&post=34480"}],"version-history":[{"count":1,"href":"https:\/\/radiogecko.com\/index.php?rest_route=\/wp\/v2\/posts\/34480\/revisions"}],"predecessor-version":[{"id":34481,"href":"https:\/\/radiogecko.com\/index.php?rest_route=\/wp\/v2\/posts\/34480\/revisions\/34481"}],"wp:featuredmedia":[{"embeddable":true,"href":"https:\/\/radiogecko.com\/index.php?rest_route=\/wp\/v2\/media\/34482"}],"wp:attachment":[{"href":"https:\/\/radiogecko.com\/index.php?rest_route=%2Fwp%2Fv2%2Fmedia&parent=34480"}],"wp:term":[{"taxonomy":"category","embeddable":true,"href":"https:\/\/radiogecko.com\/index.php?rest_route=%2Fwp%2Fv2%2Fcategories&post=34480"},{"taxonomy":"post_tag","embeddable":true,"href":"https:\/\/radiogecko.com\/index.php?rest_route=%2Fwp%2Fv2%2Ftags&post=34480"}],"curies":[{"name":"wp","href":"https:\/\/api.w.org\/{rel}","templated":true}]}}