{"id":34526,"date":"2024-11-21T11:32:08","date_gmt":"2024-11-21T16:32:08","guid":{"rendered":"https:\/\/radiogecko.com\/?p=34526"},"modified":"2024-11-21T16:32:10","modified_gmt":"2024-11-21T16:32:10","slug":"juez-ordena-liberar-a-jose-alfredo-cardenas-el-contador","status":"publish","type":"post","link":"https:\/\/radiogecko.com\/?p=34526","title":{"rendered":"Juez ordena liberar a Jos\u00e9 Alfredo C\u00e1rdenas \u201cEl Contador\u201d"},"content":{"rendered":"<p>\ud83d\udd38 La decisi\u00f3n se tom\u00f3 tras determinar que la Fiscal\u00eda no acredit\u00f3 las causas de su prisi\u00f3n preventiva, mientras que su defensa demostr\u00f3 arraigo domiciliario<\/p>\n<p>#TAMAULIPAS | El juez Gregorio Salazar Hern\u00e1ndez, adscrito al Centro de Justicia Penal Federal en Almoloya de Ju\u00e1rez, orden\u00f3 la liberaci\u00f3n de Jos\u00e9 Alfredo C\u00e1rdenas Mart\u00ednez, alias \u201cEl Contador\u201d, sobrino de Osiel C\u00e1rdenas Guill\u00e9n, exl\u00edder del C\u00e1rtel del Golfo. La decisi\u00f3n revoc\u00f3 la prisi\u00f3n preventiva que enfrentaba el presunto narcotraficante, quien est\u00e1 acusado de delitos relacionados con el narcotr\u00e1fico en Tamaulipas y cuya extradici\u00f3n a Estados Unidos a\u00fan est\u00e1 pendiente.<\/p>\n<p>La resoluci\u00f3n judicial se bas\u00f3 en la falta de pruebas contundentes por parte de la Fiscal\u00eda General de la Rep\u00fablica (FGR). Seg\u00fan el juez, las autoridades no acreditaron las causas que motivaban la prisi\u00f3n preventiva ni presentaron elementos sobre los hechos que sustentan el proceso de extradici\u00f3n a Estados Unidos. Adem\u00e1s, la defensa del capo demostr\u00f3 que cuenta con arraigo domiciliario y no representa un riesgo de fuga.<\/p>\n<p>El juez estableci\u00f3 condiciones estrictas para su liberaci\u00f3n, entre ellas la presentaci\u00f3n semanal del acusado ante las autoridades de Matamoros, el pago de una garant\u00eda econ\u00f3mica de cinco millones de pesos y la prohibici\u00f3n de salir del pa\u00eds sin autorizaci\u00f3n judicial. Tambi\u00e9n se le exigi\u00f3 entregar sus documentos de viaje, mantener distancia de la Embajada de Estados Unidos y portar un brazalete electr\u00f3nico que permita su localizaci\u00f3n.<\/p>\n<p>El director del Reclusorio Preventivo Oriente de la Ciudad de M\u00e9xico tiene un plazo de 24 horas para cumplir la orden de liberaci\u00f3n. En caso de incumplimiento, se le impondr\u00e1 una multa de 21 mil 714 pesos, seg\u00fan lo determinado por el juez.<\/p>\n<p>Jos\u00e9 Alfredo C\u00e1rdenas fue detenido en febrero de 2022 y vinculado a hechos violentos ocurridos en Reynosa, Tamaulipas, donde murieron 15 personas en 2021. Adem\u00e1s, en marzo de ese mismo a\u00f1o, fue acusado formalmente en una corte federal de Texas por nueve cargos de narcotr\u00e1fico.<\/p>\n<p>La liberaci\u00f3n de narcotraficantes en M\u00e9xico, como este caso, ha generado cuestionamientos sobre el sistema judicial. En particular, el juez Gregorio Salazar Hern\u00e1ndez ha sido se\u00f1alado por decisiones similares en otros casos de alto perfil, lo que reaviva el debate sobre la efectividad y las garant\u00edas del sistema penal en el pa\u00eds.<\/p>\n<p>Este fallo pone de nuevo en el centro de atenci\u00f3n los retos que enfrentan las autoridades mexicanas en procesos como la extradici\u00f3n a Estados Unidos y el manejo de figuras clave dentro del crimen organizado.<\/p>\n","protected":false},"excerpt":{"rendered":"<p>\ud83d\udd38 La decisi\u00f3n se tom\u00f3 tras determinar que la Fiscal\u00eda no acredit\u00f3 las causas de su prisi\u00f3n preventiva, mientras que su defensa demostr\u00f3 arraigo domiciliario #TAMAULIPAS | El juez Gregorio&hellip;<\/p>\n","protected":false},"author":1,"featured_media":34528,"comment_status":"open","ping_status":"closed","sticky":false,"template":"","format":"standard","meta":{"footnotes":""},"categories":[37],"tags":[],"class_list":["post-34526","post","type-post","status-publish","format-standard","has-post-thumbnail","hentry","category-tamaulipas"],"_links":{"self":[{"href":"https:\/\/radiogecko.com\/index.php?rest_route=\/wp\/v2\/posts\/34526","targetHints":{"allow":["GET"]}}],"collection":[{"href":"https:\/\/radiogecko.com\/index.php?rest_route=\/wp\/v2\/posts"}],"about":[{"href":"https:\/\/radiogecko.com\/index.php?rest_route=\/wp\/v2\/types\/post"}],"author":[{"embeddable":true,"href":"https:\/\/radiogecko.com\/index.php?rest_route=\/wp\/v2\/users\/1"}],"replies":[{"embeddable":true,"href":"https:\/\/radiogecko.com\/index.php?rest_route=%2Fwp%2Fv2%2Fcomments&post=34526"}],"version-history":[{"count":1,"href":"https:\/\/radiogecko.com\/index.php?rest_route=\/wp\/v2\/posts\/34526\/revisions"}],"predecessor-version":[{"id":34527,"href":"https:\/\/radiogecko.com\/index.php?rest_route=\/wp\/v2\/posts\/34526\/revisions\/34527"}],"wp:featuredmedia":[{"embeddable":true,"href":"https:\/\/radiogecko.com\/index.php?rest_route=\/wp\/v2\/media\/34528"}],"wp:attachment":[{"href":"https:\/\/radiogecko.com\/index.php?rest_route=%2Fwp%2Fv2%2Fmedia&parent=34526"}],"wp:term":[{"taxonomy":"category","embeddable":true,"href":"https:\/\/radiogecko.com\/index.php?rest_route=%2Fwp%2Fv2%2Fcategories&post=34526"},{"taxonomy":"post_tag","embeddable":true,"href":"https:\/\/radiogecko.com\/index.php?rest_route=%2Fwp%2Fv2%2Ftags&post=34526"}],"curies":[{"name":"wp","href":"https:\/\/api.w.org\/{rel}","templated":true}]}}