{"id":34611,"date":"2024-11-25T11:36:10","date_gmt":"2024-11-25T16:36:10","guid":{"rendered":"https:\/\/radiogecko.com\/?p=34611"},"modified":"2024-11-25T16:36:11","modified_gmt":"2024-11-25T16:36:11","slug":"lilian-villanueva-preside-la-cuarta-sesion-ordinaria-del-instituto-de-cultura-y-artes-de-quintana-roo","status":"publish","type":"post","link":"https:\/\/radiogecko.com\/?p=34611","title":{"rendered":"Lilian Villanueva preside la Cuarta sesi\u00f3n ordinaria del Instituto de Cultura y Artes de Quintana Roo"},"content":{"rendered":"<p>\ud83d\udd38 La directora del ICA present\u00f3 los avances del programa anual y el informe trimestral de actividades, adem\u00e1s de abordar temas clave para el sector cultural de la entidad.<\/p>\n<p>#QUINTANAROO | Lilian Villanueva, Directora General del Instituto de Cultura y Artes (ICA) de Quintana Roo, encabez\u00f3 la Cuarta sesi\u00f3n ordinaria de la H. Junta Directiva del Instituto correspondiente al ejercicio 2024. Durante la reuni\u00f3n, se presentaron los avances del Programa anual del ICA, destacando las metas programadas y los indicadores de todas las unidades administrativas del instituto.<\/p>\n<p>Adem\u00e1s, se present\u00f3 el Informe Trimestral de Actividades correspondiente al periodo de julio a septiembre de 2024, en el cual se detallaron los logros alcanzados en diversas \u00e1reas culturales y art\u00edsticas del estado. Villanueva destac\u00f3 el compromiso del Instituto con el fortalecimiento y la promoci\u00f3n de la cultura en Quintana Roo, resaltando los esfuerzos por lograr una mayor inclusi\u00f3n de las comunidades y una programaci\u00f3n que impulse el talento local.<\/p>\n<p>La sesi\u00f3n tambi\u00e9n sirvi\u00f3 para abordar otros temas prioritarios para el desarrollo cultural del estado, donde se discutieron propuestas y estrategias que buscan continuar con la difusi\u00f3n de las artes y el apoyo a los artistas locales en los pr\u00f3ximos meses.<\/p>\n","protected":false},"excerpt":{"rendered":"<p>\ud83d\udd38 La directora del ICA present\u00f3 los avances del programa anual y el informe trimestral de actividades, adem\u00e1s de abordar temas clave para el sector cultural de la entidad. #QUINTANAROO&hellip;<\/p>\n","protected":false},"author":1,"featured_media":34613,"comment_status":"open","ping_status":"closed","sticky":false,"template":"","format":"standard","meta":{"footnotes":""},"categories":[5],"tags":[],"class_list":["post-34611","post","type-post","status-publish","format-standard","has-post-thumbnail","hentry","category-quintana-roo"],"_links":{"self":[{"href":"https:\/\/radiogecko.com\/index.php?rest_route=\/wp\/v2\/posts\/34611","targetHints":{"allow":["GET"]}}],"collection":[{"href":"https:\/\/radiogecko.com\/index.php?rest_route=\/wp\/v2\/posts"}],"about":[{"href":"https:\/\/radiogecko.com\/index.php?rest_route=\/wp\/v2\/types\/post"}],"author":[{"embeddable":true,"href":"https:\/\/radiogecko.com\/index.php?rest_route=\/wp\/v2\/users\/1"}],"replies":[{"embeddable":true,"href":"https:\/\/radiogecko.com\/index.php?rest_route=%2Fwp%2Fv2%2Fcomments&post=34611"}],"version-history":[{"count":1,"href":"https:\/\/radiogecko.com\/index.php?rest_route=\/wp\/v2\/posts\/34611\/revisions"}],"predecessor-version":[{"id":34612,"href":"https:\/\/radiogecko.com\/index.php?rest_route=\/wp\/v2\/posts\/34611\/revisions\/34612"}],"wp:featuredmedia":[{"embeddable":true,"href":"https:\/\/radiogecko.com\/index.php?rest_route=\/wp\/v2\/media\/34613"}],"wp:attachment":[{"href":"https:\/\/radiogecko.com\/index.php?rest_route=%2Fwp%2Fv2%2Fmedia&parent=34611"}],"wp:term":[{"taxonomy":"category","embeddable":true,"href":"https:\/\/radiogecko.com\/index.php?rest_route=%2Fwp%2Fv2%2Fcategories&post=34611"},{"taxonomy":"post_tag","embeddable":true,"href":"https:\/\/radiogecko.com\/index.php?rest_route=%2Fwp%2Fv2%2Ftags&post=34611"}],"curies":[{"name":"wp","href":"https:\/\/api.w.org\/{rel}","templated":true}]}}