{"id":34654,"date":"2024-11-27T11:00:53","date_gmt":"2024-11-27T16:00:53","guid":{"rendered":"https:\/\/radiogecko.com\/?p=34654"},"modified":"2024-11-27T16:00:54","modified_gmt":"2024-11-27T16:00:54","slug":"no-permitiremos-que-se-coloque-la-antena-luis-munguia","status":"publish","type":"post","link":"https:\/\/radiogecko.com\/?p=34654","title":{"rendered":"No permitiremos que se coloque la antena: Luis Mungu\u00eda"},"content":{"rendered":"<p>\ud83d\udd38 La antena de telecomunicaciones no se levantar\u00e1, por la molestia de los vecinos, se\u00f1alo el presidente municipal de Puerto Vallarta.<\/p>\n<p>#PUERTOVALLARTA | El presidente municipal de Puerto Vallarta, Luis Ernesto Mungu\u00eda Gonz\u00e1lez, asegur\u00f3 que la antena de telecomunicaciones que pretende instalarse en la colonia Independencia no se levantar\u00e1, por la molestia de los vecinos.<\/p>\n<p>Entrevistado al respecto, el alcalde se\u00f1al\u00f3 que ha estado al tanto de la queja de los habitantes de dicha colonia y adelant\u00f3 que ha dado la indicaci\u00f3n de encontrar soluciones con el empresario, pero no permitir\u00e1 que la antena se coloque en el sitio en menci\u00f3n.<\/p>\n<p>Desde el pasado viernes 22 de noviembre, los vecinos de la colonia Independencia llegaron al sitio donde se iba a levantar la antena, sobre la calle Francisco M\u00e1rquez, pues arrib\u00f3 una gr\u00faa con las estructuras met\u00e1licas para su instalaci\u00f3n.<\/p>\n<p>Desde ese momento, han permanecido en el sitio las 24 horas del d\u00eda, en espera de que las autoridades lleguen para clausurar los trabajos de forma permanente y no s\u00f3lo se quede en una promesa del presidente.<\/p>\n<p>Cabe se\u00f1alar que han ido trabajadores del ayuntamiento a platicar con los vecinos y a pedirles que se retiren, pues la indicaci\u00f3n del alcalde es clara, no obstante, los interesados en detener esta obra no aceptaron y aseguran s\u00f3lo se ir\u00e1n cuando coloquen los sellos de clausura y hagan la demolici\u00f3n de las bases de la antena.<\/p>\n","protected":false},"excerpt":{"rendered":"<p>\ud83d\udd38 La antena de telecomunicaciones no se levantar\u00e1, por la molestia de los vecinos, se\u00f1alo el presidente municipal de Puerto Vallarta. #PUERTOVALLARTA | El presidente municipal de Puerto Vallarta, Luis&hellip;<\/p>\n","protected":false},"author":1,"featured_media":34656,"comment_status":"open","ping_status":"closed","sticky":false,"template":"","format":"standard","meta":{"footnotes":""},"categories":[17],"tags":[],"class_list":["post-34654","post","type-post","status-publish","format-standard","has-post-thumbnail","hentry","category-jalisco"],"_links":{"self":[{"href":"https:\/\/radiogecko.com\/index.php?rest_route=\/wp\/v2\/posts\/34654","targetHints":{"allow":["GET"]}}],"collection":[{"href":"https:\/\/radiogecko.com\/index.php?rest_route=\/wp\/v2\/posts"}],"about":[{"href":"https:\/\/radiogecko.com\/index.php?rest_route=\/wp\/v2\/types\/post"}],"author":[{"embeddable":true,"href":"https:\/\/radiogecko.com\/index.php?rest_route=\/wp\/v2\/users\/1"}],"replies":[{"embeddable":true,"href":"https:\/\/radiogecko.com\/index.php?rest_route=%2Fwp%2Fv2%2Fcomments&post=34654"}],"version-history":[{"count":1,"href":"https:\/\/radiogecko.com\/index.php?rest_route=\/wp\/v2\/posts\/34654\/revisions"}],"predecessor-version":[{"id":34655,"href":"https:\/\/radiogecko.com\/index.php?rest_route=\/wp\/v2\/posts\/34654\/revisions\/34655"}],"wp:featuredmedia":[{"embeddable":true,"href":"https:\/\/radiogecko.com\/index.php?rest_route=\/wp\/v2\/media\/34656"}],"wp:attachment":[{"href":"https:\/\/radiogecko.com\/index.php?rest_route=%2Fwp%2Fv2%2Fmedia&parent=34654"}],"wp:term":[{"taxonomy":"category","embeddable":true,"href":"https:\/\/radiogecko.com\/index.php?rest_route=%2Fwp%2Fv2%2Fcategories&post=34654"},{"taxonomy":"post_tag","embeddable":true,"href":"https:\/\/radiogecko.com\/index.php?rest_route=%2Fwp%2Fv2%2Ftags&post=34654"}],"curies":[{"name":"wp","href":"https:\/\/api.w.org\/{rel}","templated":true}]}}