{"id":34680,"date":"2024-11-29T12:09:48","date_gmt":"2024-11-29T17:09:48","guid":{"rendered":"https:\/\/radiogecko.com\/?p=34680"},"modified":"2024-11-29T17:09:49","modified_gmt":"2024-11-29T17:09:49","slug":"aprueba-quintana-roo-reforma-federal-sobre-prision-preventiva-oficiosa","status":"publish","type":"post","link":"https:\/\/radiogecko.com\/?p=34680","title":{"rendered":"Aprueba Quintana Roo reforma federal sobre prisi\u00f3n preventiva oficiosa"},"content":{"rendered":"<p>\u2022 La reforma busca brindar herramientas que garanticen la seguridad y la paz social del pueblo de M\u00e9xico.<\/p>\n<p>\u2022 Se reforma una ley que fortalece los derechos de la infancia y adolescencia en la entidad.<\/p>\n<p>#QUINTANAROO | La Legislatura de la Justicia Social aprob\u00f3 la reforma federal en materia de prisi\u00f3n preventiva oficiosa que redefine el tratamiento de los delitos graves en M\u00e9xico, ampliando el cat\u00e1logo de cr\u00edmenes que ameritan prisi\u00f3n preventiva oficiosa con el fin de garantizar la seguridad p\u00fablica y hacer frente al crimen organizado.<\/p>\n<p>Entre los delitos que ya podr\u00e1n ameritar la prisi\u00f3n preventiva, es decir que las personas acusadas permanezcan en detenci\u00f3n durante su proceso judicial sin posibilidad de libertad condicional, se destacan la extorsi\u00f3n, el tr\u00e1fico de drogas sint\u00e9ticas como el fentanilo, el contrabando y el uso de comprobantes fiscales falsos.<\/p>\n<p>El prop\u00f3sito de la reforma es combatir aquellos delitos que han tenido un impacto significativo en la seguridad y econom\u00eda del pa\u00eds.<\/p>\n<p>Por otra parte, el Pleno del Congreso de Quintana Roo aprob\u00f3 una reforma a la Ley de los Derechos de Ni\u00f1as, Ni\u00f1os y Adolescentes del Estado, impulsada por el grupo legislativo de MORENA con el fin de fortalecer los derechos de la infancia y adolescencia en la entidad, as\u00ed como garantizar su pleno desarrollo y bienestar.<\/p>\n<p>Adem\u00e1s, la reforma busca alinear la legislaci\u00f3n estatal con la Ley General y los est\u00e1ndares internacionales en materia de derechos de la infancia.<\/p>\n<p>Con ella se fortalecen los mecanismos de protecci\u00f3n, prevenci\u00f3n, detecci\u00f3n y atenci\u00f3n de las violaciones a los derechos de ni\u00f1as, ni\u00f1os y adolescentes, garantizando una respuesta m\u00e1s efectiva, adoptando medidas de protecci\u00f3n especial y oportuna ante situaciones de vulnerabilidad por circunstancias espec\u00edficas.<\/p>\n<p>En la misma sesi\u00f3n se design\u00f3 a Sergio Gonz\u00e1lez Vel\u00e1zquez como titular del \u00d3rgano Interno de Control de la Secretar\u00eda Ejecutiva del Sistema Anticorrupci\u00f3n del Estado de Quintana Roo.<\/p>\n","protected":false},"excerpt":{"rendered":"<p>\u2022 La reforma busca brindar herramientas que garanticen la seguridad y la paz social del pueblo de M\u00e9xico. \u2022 Se reforma una ley que fortalece los derechos de la infancia&hellip;<\/p>\n","protected":false},"author":1,"featured_media":34682,"comment_status":"open","ping_status":"closed","sticky":false,"template":"","format":"standard","meta":{"footnotes":""},"categories":[5],"tags":[],"class_list":["post-34680","post","type-post","status-publish","format-standard","has-post-thumbnail","hentry","category-quintana-roo"],"_links":{"self":[{"href":"https:\/\/radiogecko.com\/index.php?rest_route=\/wp\/v2\/posts\/34680","targetHints":{"allow":["GET"]}}],"collection":[{"href":"https:\/\/radiogecko.com\/index.php?rest_route=\/wp\/v2\/posts"}],"about":[{"href":"https:\/\/radiogecko.com\/index.php?rest_route=\/wp\/v2\/types\/post"}],"author":[{"embeddable":true,"href":"https:\/\/radiogecko.com\/index.php?rest_route=\/wp\/v2\/users\/1"}],"replies":[{"embeddable":true,"href":"https:\/\/radiogecko.com\/index.php?rest_route=%2Fwp%2Fv2%2Fcomments&post=34680"}],"version-history":[{"count":1,"href":"https:\/\/radiogecko.com\/index.php?rest_route=\/wp\/v2\/posts\/34680\/revisions"}],"predecessor-version":[{"id":34681,"href":"https:\/\/radiogecko.com\/index.php?rest_route=\/wp\/v2\/posts\/34680\/revisions\/34681"}],"wp:featuredmedia":[{"embeddable":true,"href":"https:\/\/radiogecko.com\/index.php?rest_route=\/wp\/v2\/media\/34682"}],"wp:attachment":[{"href":"https:\/\/radiogecko.com\/index.php?rest_route=%2Fwp%2Fv2%2Fmedia&parent=34680"}],"wp:term":[{"taxonomy":"category","embeddable":true,"href":"https:\/\/radiogecko.com\/index.php?rest_route=%2Fwp%2Fv2%2Fcategories&post=34680"},{"taxonomy":"post_tag","embeddable":true,"href":"https:\/\/radiogecko.com\/index.php?rest_route=%2Fwp%2Fv2%2Ftags&post=34680"}],"curies":[{"name":"wp","href":"https:\/\/api.w.org\/{rel}","templated":true}]}}