{"id":34823,"date":"2024-12-09T17:00:07","date_gmt":"2024-12-09T22:00:07","guid":{"rendered":"https:\/\/radiogecko.com\/?p=34823"},"modified":"2024-12-09T17:18:55","modified_gmt":"2024-12-09T17:18:55","slug":"espana-se-despide-la-fil-de-guadalajara","status":"publish","type":"post","link":"https:\/\/radiogecko.com\/?p=34823","title":{"rendered":"Espa\u00f1a se despide la FIL de Guadalajara"},"content":{"rendered":"<p>\ud83d\udd38 Con m\u00e1s de 140 mil visitas a su pabell\u00f3n y 8 mil libros vendidos, Espa\u00f1a concluy\u00f3 su participaci\u00f3n como Pa\u00eds Invitado de Honor en la Feria Internacional del Libro<\/p>\n<p>#JALISCO | Espa\u00f1a se despidi\u00f3 de la 38 edici\u00f3n de la Feria Internacional del Libro (FIL) de Guadalajara con m\u00e1s de 140 mil visitas a su pabell\u00f3n como Pa\u00eds Invitado de Honor y m\u00e1s de ocho mil libros vendidos, seg\u00fan inform\u00f3 el Ministerio de Cultura espa\u00f1ol.<\/p>\n<p>La FIL de Guadalajara 2024, que registr\u00f3 un r\u00e9cord de asistentes (m\u00e1s de 900 mil), bajo el lema \u201cCamino de ida y vuelta\u201d propuesto por Espa\u00f1a, pasa ahora el testigo a Barcelona, Ciudad Invitada de Honor de la edici\u00f3n de 2025.<\/p>\n<p>El comisario literario del programa, el escritor nicarag\u00fcense con nacionalidad espa\u00f1ola Sergio Ram\u00edrez, defini\u00f3 la participaci\u00f3n de Espa\u00f1a en esta feria como \u201cun proyecto de Estado que excede la literatura\u201d.<\/p>\n<p>El pabell\u00f3n espa\u00f1ol, que se materializ\u00f3 en un gran bosque interior de mil 200 metros cuadrados, cont\u00f3 con una librer\u00eda gestionada por la Universidad de Guadalajara que ofreci\u00f3 16 mil libros, distribuidos en 2 mil 500 t\u00edtulos de m\u00e1s de 300 editoriales, y vendi\u00f3 8 mil ejemplares, la mejor edici\u00f3n en ventas de una librer\u00eda del pabell\u00f3n del Pa\u00eds Invitado de Honor.<\/p>\n<p>Adem\u00e1s, en el resto del espacio se exhibieron 650 libros y revistas culturales con obras de todos los autores del programa y que el Ministerio de Cultura don\u00f3 al Servicio de Bibliotecas de la Universidad de Guadalajara.<\/p>\n<p>La directora de programaci\u00f3n de Acci\u00f3n Cultural Espa\u00f1ola (AC\/E), Inmaculada Ballesteros, valor\u00f3 que todo el pabell\u00f3n se ha donado a la ciudad de Guadalajara para que las instalaciones puedan tener una segunda vida en entidades p\u00fablicas de la ciudad mexicana.<\/p>\n<p>El mobiliario fue donado a la Biblioteca P\u00fablica del Estado de Jalisco \u2018Juan Jos\u00e9 Arreola\u2019 y al Centro Cultural de Espa\u00f1a en M\u00e9xico, mientras que la vegetaci\u00f3n fue cedida al Centro Universitario de Ciencias Biol\u00f3gicas y Agropecuarias de la Universidad de Guadalajara.<\/p>\n<p>La delegaci\u00f3n espa\u00f1ola estuvo representada por m\u00e1s de 170 autores y cerca de 230 participantes en las diferentes secciones de la FIL, con la presencia de profesionales de la industria editorial, agentes literarios de derechos internacionales, bibliotecarios, libreros, distribuidores, dinamizadores de lectura y otros profesionales del sector.<\/p>\n<p>La participaci\u00f3n de Espa\u00f1a se extendi\u00f3 tambi\u00e9n a otras \u00e1reas, adem\u00e1s de la literaria, como la gastronom\u00eda, con la presencia de destados chef, como Ferran Adri\u00e1, Fabi\u00e1n Delgado y Bego\u00f1a Rodrigo; la m\u00fasica o el cine.<\/p>\n<p>Espa\u00f1a apost\u00f3 por m\u00fasica de todos los g\u00e9neros y en todas las lenguas, con actuaciones como la de Miguel Poveda, Rodrigo Cuevas con Los Cojolites, Ruper Ordorika, S\u00e9s, Christina Rosenvinge, Tomasito o Camilo Lara.<\/p>\n<p>En cine, se incluyeron tres pel\u00edculas: dos adaptaciones de novelas como \u2018Un amor\u2019 y \u2018 Blancanieves\u2019, y un h\u00edbrido entre documental y ficci\u00f3n que explora la obra de Antonio Machado: \u2018Los mundos sutiles\u2019.<\/p>\n<p>Tambi\u00e9n present\u00f3 las exposiciones: \u2018Foodscapes\u2019 en el Museo de las Artes de la Universidad de Guadalajara, que permanecer\u00e1 abierta hasta el 2 de marzo; \u2018Lectura por contacto. Po\u00e9tica y Experimentaci\u00f3n en Espa\u00f1a. 1962-1972\u2019 en el Museo Caba\u00f1as hasta el 23 de febrero y \u2018Entre susurros. Ficciones. Narratividad en el arte contempor\u00e1neo\u2019 en el Museo de Arte de Zapopan, hasta el 20 de abril.<\/p>\n<p>Adem\u00e1s, m\u00e1s de 1.200 menores disfrutaron de \u2018Quixote\u2019, un trabajo esc\u00e9nico en el que el circo y el teatro se unen para dar otra vuelta de tuerca al poema sinf\u00f3nico de Richard Straus, con una nueva visi\u00f3n del Quijote.<\/p>\n","protected":false},"excerpt":{"rendered":"<p>\ud83d\udd38 Con m\u00e1s de 140 mil visitas a su pabell\u00f3n y 8 mil libros vendidos, Espa\u00f1a concluy\u00f3 su participaci\u00f3n como Pa\u00eds Invitado de Honor en la Feria Internacional del Libro&hellip;<\/p>\n","protected":false},"author":1,"featured_media":34825,"comment_status":"open","ping_status":"closed","sticky":false,"template":"","format":"standard","meta":{"footnotes":""},"categories":[17],"tags":[],"class_list":["post-34823","post","type-post","status-publish","format-standard","has-post-thumbnail","hentry","category-jalisco"],"_links":{"self":[{"href":"https:\/\/radiogecko.com\/index.php?rest_route=\/wp\/v2\/posts\/34823","targetHints":{"allow":["GET"]}}],"collection":[{"href":"https:\/\/radiogecko.com\/index.php?rest_route=\/wp\/v2\/posts"}],"about":[{"href":"https:\/\/radiogecko.com\/index.php?rest_route=\/wp\/v2\/types\/post"}],"author":[{"embeddable":true,"href":"https:\/\/radiogecko.com\/index.php?rest_route=\/wp\/v2\/users\/1"}],"replies":[{"embeddable":true,"href":"https:\/\/radiogecko.com\/index.php?rest_route=%2Fwp%2Fv2%2Fcomments&post=34823"}],"version-history":[{"count":1,"href":"https:\/\/radiogecko.com\/index.php?rest_route=\/wp\/v2\/posts\/34823\/revisions"}],"predecessor-version":[{"id":34824,"href":"https:\/\/radiogecko.com\/index.php?rest_route=\/wp\/v2\/posts\/34823\/revisions\/34824"}],"wp:featuredmedia":[{"embeddable":true,"href":"https:\/\/radiogecko.com\/index.php?rest_route=\/wp\/v2\/media\/34825"}],"wp:attachment":[{"href":"https:\/\/radiogecko.com\/index.php?rest_route=%2Fwp%2Fv2%2Fmedia&parent=34823"}],"wp:term":[{"taxonomy":"category","embeddable":true,"href":"https:\/\/radiogecko.com\/index.php?rest_route=%2Fwp%2Fv2%2Fcategories&post=34823"},{"taxonomy":"post_tag","embeddable":true,"href":"https:\/\/radiogecko.com\/index.php?rest_route=%2Fwp%2Fv2%2Ftags&post=34823"}],"curies":[{"name":"wp","href":"https:\/\/api.w.org\/{rel}","templated":true}]}}