{"id":34851,"date":"2024-12-11T11:47:25","date_gmt":"2024-12-11T16:47:25","guid":{"rendered":"https:\/\/radiogecko.com\/?p=34851"},"modified":"2024-12-11T16:47:26","modified_gmt":"2024-12-11T16:47:26","slug":"gobierno-de-yucatan-analiza-reactivar-el-aeropuerto-de-kaua-para-recibir-vuelos-comerciales","status":"publish","type":"post","link":"https:\/\/radiogecko.com\/?p=34851","title":{"rendered":"Gobierno de Yucat\u00e1n analiza reactivar el Aeropuerto de Kaua para recibir vuelos comerciales"},"content":{"rendered":"<p>\ud83d\udd38 En recientes fechas, Dar\u00edo Flota Ocampo, titular de Sefotur visit\u00f3 las instalaciones de la terminal a\u00e9rea<\/p>\n<p>#YUCAT\u00c1N | La Secretar\u00eda de Fomento Tur\u00edstico de Yucat\u00e1n (Sefotur) eval\u00faa la reactivaci\u00f3n del Aeropuerto Internacional de Chich\u00e9n Itz\u00e1, ubicado en el municipio de Kaua, con el objetivo de convertir la regi\u00f3n oriental del estado en un importante centro tur\u00edstico y comercial, as\u00ed lo inform\u00f3 Jordy Abraham Mart\u00ednez, empresario restaurantero de Valladolid.<\/p>\n<p>Abraham Mart\u00ednez se\u00f1al\u00f3 que el secretario de Fomento Tur\u00edstico, Dar\u00edo Flota Ocampo, realiz\u00f3 una visita al aeropuerto para analizar sus condiciones actuales y los trabajos de mantenimiento realizados hasta ahora.<\/p>\n<p>Seg\u00fan el empresario, el titular de Turismo de Yucat\u00e1n est\u00e1 considerando la viabilidad de habilitar la terminal para vuelos comerciales, una acci\u00f3n que podr\u00eda potenciar el desarrollo tur\u00edstico de Valladolid y sus alrededores.<\/p>\n<p>\u201cPara el sector tur\u00edstico local, ser\u00eda un gran logro. El aeropuerto est\u00e1 muy cerca de Valladolid, un Pueblo M\u00e1gico, y de Chich\u00e9n Itz\u00e1, el sitio arqueol\u00f3gico m\u00e1s famoso y visitado del pa\u00eds. Esto representar\u00eda una enorme ventaja para atraer m\u00e1s visitantes\u201d, expres\u00f3 Abraham.<\/p>\n<p>Adem\u00e1s, destac\u00f3 las inversiones realizadas por empresarios nacionales e internacionales en infraestructura hotelera, restaurantera e inmobiliaria en la regi\u00f3n, lo que convierte a Valladolid en un destino con amplias ofertas tur\u00edsticas.<\/p>\n<p>Finalmente, el empresario tambi\u00e9n resalt\u00f3 la importancia de proyectos como el parque Xibalb\u00e1, cuyo funcionamiento podr\u00eda atraer a miles de turistas y generar una notable derrama econ\u00f3mica gracias al consumo en la regi\u00f3n.<\/p>\n<p>&nbsp;<\/p>\n","protected":false},"excerpt":{"rendered":"<p>\ud83d\udd38 En recientes fechas, Dar\u00edo Flota Ocampo, titular de Sefotur visit\u00f3 las instalaciones de la terminal a\u00e9rea #YUCAT\u00c1N | La Secretar\u00eda de Fomento Tur\u00edstico de Yucat\u00e1n (Sefotur) eval\u00faa la reactivaci\u00f3n&hellip;<\/p>\n","protected":false},"author":1,"featured_media":34853,"comment_status":"open","ping_status":"closed","sticky":false,"template":"","format":"standard","meta":{"footnotes":""},"categories":[26],"tags":[],"class_list":["post-34851","post","type-post","status-publish","format-standard","has-post-thumbnail","hentry","category-yucatan"],"_links":{"self":[{"href":"https:\/\/radiogecko.com\/index.php?rest_route=\/wp\/v2\/posts\/34851","targetHints":{"allow":["GET"]}}],"collection":[{"href":"https:\/\/radiogecko.com\/index.php?rest_route=\/wp\/v2\/posts"}],"about":[{"href":"https:\/\/radiogecko.com\/index.php?rest_route=\/wp\/v2\/types\/post"}],"author":[{"embeddable":true,"href":"https:\/\/radiogecko.com\/index.php?rest_route=\/wp\/v2\/users\/1"}],"replies":[{"embeddable":true,"href":"https:\/\/radiogecko.com\/index.php?rest_route=%2Fwp%2Fv2%2Fcomments&post=34851"}],"version-history":[{"count":1,"href":"https:\/\/radiogecko.com\/index.php?rest_route=\/wp\/v2\/posts\/34851\/revisions"}],"predecessor-version":[{"id":34852,"href":"https:\/\/radiogecko.com\/index.php?rest_route=\/wp\/v2\/posts\/34851\/revisions\/34852"}],"wp:featuredmedia":[{"embeddable":true,"href":"https:\/\/radiogecko.com\/index.php?rest_route=\/wp\/v2\/media\/34853"}],"wp:attachment":[{"href":"https:\/\/radiogecko.com\/index.php?rest_route=%2Fwp%2Fv2%2Fmedia&parent=34851"}],"wp:term":[{"taxonomy":"category","embeddable":true,"href":"https:\/\/radiogecko.com\/index.php?rest_route=%2Fwp%2Fv2%2Fcategories&post=34851"},{"taxonomy":"post_tag","embeddable":true,"href":"https:\/\/radiogecko.com\/index.php?rest_route=%2Fwp%2Fv2%2Ftags&post=34851"}],"curies":[{"name":"wp","href":"https:\/\/api.w.org\/{rel}","templated":true}]}}