{"id":34854,"date":"2024-12-11T11:52:41","date_gmt":"2024-12-11T16:52:41","guid":{"rendered":"https:\/\/radiogecko.com\/?p=34854"},"modified":"2024-12-11T16:52:42","modified_gmt":"2024-12-11T16:52:42","slug":"tono-ixtlahuac-arranca-la-construccion-de-un-tanque-de-almacenamiento-de-agua-potable-en-zitacuaro","status":"publish","type":"post","link":"https:\/\/radiogecko.com\/?p=34854","title":{"rendered":"To\u00f1o Ixtl\u00e1huac arranca la construcci\u00f3n de un tanque de almacenamiento de agua potable en Zit\u00e1cuaro"},"content":{"rendered":"<p>\ud83d\udd38 La obra beneficiar\u00e1 a productores y comunidades cercanas, contribuyendo al uso sustentable y eficiente del agua en la regi\u00f3n.<\/p>\n<p>#MICHOAC\u00c1N | El presidente municipal de Zit\u00e1cuaro, To\u00f1o Ixtl\u00e1huac, dio inicio a la construcci\u00f3n de un tanque de almacenamiento de agua potable en una comunidad ubicada al Noroeste del municipio, como parte de las acciones para mejorar los servicios b\u00e1sicos y fomentar el desarrollo regional.<\/p>\n<p>Durante el evento, Ixtl\u00e1huac destac\u00f3 que esta obra, que beneficiar\u00e1 principalmente a productores de la zona y a las comunidades aleda\u00f1as, tiene como objetivo garantizar un acceso adecuado y eficiente al vital l\u00edquido. Adem\u00e1s, mencion\u00f3 que el proyecto est\u00e1 dise\u00f1ado para promover el uso sustentable del recurso h\u00eddrico, una prioridad para su administraci\u00f3n.<\/p>\n<p>\u201cEl agua es un recurso fundamental para el desarrollo de nuestras comunidades, especialmente en \u00e1reas productivas. Con esta obra buscamos mejorar las condiciones de vida de las familias y fortalecer las actividades econ\u00f3micas locales\u00bb, se\u00f1al\u00f3 el presidente municipal.<\/p>\n<p>El tanque de almacenamiento, una infraestructura clave para la regi\u00f3n, permitir\u00e1 abastecer de agua a varias comunidades cercanas, al tiempo que se optimiza el uso de los recursos h\u00eddricos en una zona con creciente demanda.<\/p>\n<p>Con esta obra, To\u00f1o Ixtl\u00e1huac reafirma su compromiso con el desarrollo integral de la regi\u00f3n, trabajando por una gesti\u00f3n m\u00e1s eficiente de los recursos naturales y un futuro m\u00e1s sustentable para Zit\u00e1cuaro.<\/p>\n","protected":false},"excerpt":{"rendered":"<p>\ud83d\udd38 La obra beneficiar\u00e1 a productores y comunidades cercanas, contribuyendo al uso sustentable y eficiente del agua en la regi\u00f3n. #MICHOAC\u00c1N | El presidente municipal de Zit\u00e1cuaro, To\u00f1o Ixtl\u00e1huac, dio&hellip;<\/p>\n","protected":false},"author":1,"featured_media":34856,"comment_status":"open","ping_status":"closed","sticky":false,"template":"","format":"standard","meta":{"footnotes":""},"categories":[27],"tags":[],"class_list":["post-34854","post","type-post","status-publish","format-standard","has-post-thumbnail","hentry","category-michoacan"],"_links":{"self":[{"href":"https:\/\/radiogecko.com\/index.php?rest_route=\/wp\/v2\/posts\/34854","targetHints":{"allow":["GET"]}}],"collection":[{"href":"https:\/\/radiogecko.com\/index.php?rest_route=\/wp\/v2\/posts"}],"about":[{"href":"https:\/\/radiogecko.com\/index.php?rest_route=\/wp\/v2\/types\/post"}],"author":[{"embeddable":true,"href":"https:\/\/radiogecko.com\/index.php?rest_route=\/wp\/v2\/users\/1"}],"replies":[{"embeddable":true,"href":"https:\/\/radiogecko.com\/index.php?rest_route=%2Fwp%2Fv2%2Fcomments&post=34854"}],"version-history":[{"count":1,"href":"https:\/\/radiogecko.com\/index.php?rest_route=\/wp\/v2\/posts\/34854\/revisions"}],"predecessor-version":[{"id":34855,"href":"https:\/\/radiogecko.com\/index.php?rest_route=\/wp\/v2\/posts\/34854\/revisions\/34855"}],"wp:featuredmedia":[{"embeddable":true,"href":"https:\/\/radiogecko.com\/index.php?rest_route=\/wp\/v2\/media\/34856"}],"wp:attachment":[{"href":"https:\/\/radiogecko.com\/index.php?rest_route=%2Fwp%2Fv2%2Fmedia&parent=34854"}],"wp:term":[{"taxonomy":"category","embeddable":true,"href":"https:\/\/radiogecko.com\/index.php?rest_route=%2Fwp%2Fv2%2Fcategories&post=34854"},{"taxonomy":"post_tag","embeddable":true,"href":"https:\/\/radiogecko.com\/index.php?rest_route=%2Fwp%2Fv2%2Ftags&post=34854"}],"curies":[{"name":"wp","href":"https:\/\/api.w.org\/{rel}","templated":true}]}}