{"id":34912,"date":"2024-12-13T13:55:45","date_gmt":"2024-12-13T18:55:45","guid":{"rendered":"https:\/\/radiogecko.com\/?p=34912"},"modified":"2024-12-13T18:56:02","modified_gmt":"2024-12-13T18:56:02","slug":"renuncia-juan-carlos-rodriguez-como-comisionado-de-la-fmf","status":"publish","type":"post","link":"https:\/\/radiogecko.com\/?p=34912","title":{"rendered":"Renuncia Juan Carlos Rodr\u00edguez como comisionado de la FMF"},"content":{"rendered":"<p>\ud83d\udd38 La dimisi\u00f3n ocurri\u00f3 durante una Junta de Due\u00f1os llevada a cabo en la sede de la Federaci\u00f3n Mexicana de Futbol<\/p>\n<p>#DEPORTES | Juan Carlos Rodr\u00edguez present\u00f3 su renuncia como comisionado de la Federaci\u00f3n Mexicana de Futbol (FMF).<\/p>\n<p>La dimisi\u00f3n ocurri\u00f3 durante una Junta de Due\u00f1os llevada a cabo en la sede de la FMA.<\/p>\n<p>Primeros informes atribuyen la decisi\u00f3n de \u2018la Bomba\u2019 a los cuestionamientos sobre el Fondo de Inversi\u00f3n, cuya aprobaci\u00f3n se aplaz\u00f3 a abril de 2025.<\/p>\n","protected":false},"excerpt":{"rendered":"<p>\ud83d\udd38 La dimisi\u00f3n ocurri\u00f3 durante una Junta de Due\u00f1os llevada a cabo en la sede de la Federaci\u00f3n Mexicana de Futbol #DEPORTES | Juan Carlos Rodr\u00edguez present\u00f3 su renuncia como&hellip;<\/p>\n","protected":false},"author":1,"featured_media":34914,"comment_status":"open","ping_status":"closed","sticky":false,"template":"","format":"standard","meta":{"footnotes":""},"categories":[6],"tags":[],"class_list":["post-34912","post","type-post","status-publish","format-standard","has-post-thumbnail","hentry","category-deportes"],"_links":{"self":[{"href":"https:\/\/radiogecko.com\/index.php?rest_route=\/wp\/v2\/posts\/34912","targetHints":{"allow":["GET"]}}],"collection":[{"href":"https:\/\/radiogecko.com\/index.php?rest_route=\/wp\/v2\/posts"}],"about":[{"href":"https:\/\/radiogecko.com\/index.php?rest_route=\/wp\/v2\/types\/post"}],"author":[{"embeddable":true,"href":"https:\/\/radiogecko.com\/index.php?rest_route=\/wp\/v2\/users\/1"}],"replies":[{"embeddable":true,"href":"https:\/\/radiogecko.com\/index.php?rest_route=%2Fwp%2Fv2%2Fcomments&post=34912"}],"version-history":[{"count":1,"href":"https:\/\/radiogecko.com\/index.php?rest_route=\/wp\/v2\/posts\/34912\/revisions"}],"predecessor-version":[{"id":34913,"href":"https:\/\/radiogecko.com\/index.php?rest_route=\/wp\/v2\/posts\/34912\/revisions\/34913"}],"wp:featuredmedia":[{"embeddable":true,"href":"https:\/\/radiogecko.com\/index.php?rest_route=\/wp\/v2\/media\/34914"}],"wp:attachment":[{"href":"https:\/\/radiogecko.com\/index.php?rest_route=%2Fwp%2Fv2%2Fmedia&parent=34912"}],"wp:term":[{"taxonomy":"category","embeddable":true,"href":"https:\/\/radiogecko.com\/index.php?rest_route=%2Fwp%2Fv2%2Fcategories&post=34912"},{"taxonomy":"post_tag","embeddable":true,"href":"https:\/\/radiogecko.com\/index.php?rest_route=%2Fwp%2Fv2%2Ftags&post=34912"}],"curies":[{"name":"wp","href":"https:\/\/api.w.org\/{rel}","templated":true}]}}