{"id":34935,"date":"2024-12-17T11:51:31","date_gmt":"2024-12-17T16:51:31","guid":{"rendered":"https:\/\/radiogecko.com\/?p=34935"},"modified":"2024-12-17T16:51:33","modified_gmt":"2024-12-17T16:51:33","slug":"giovani-gutierrez-da-inicio-al-dispositivo-de-seguridad-fiestas-decembrinas-2024-en-coyoacan","status":"publish","type":"post","link":"https:\/\/radiogecko.com\/?p=34935","title":{"rendered":"Giovani Guti\u00e9rrez da inicio al dispositivo de seguridad \u201cFiestas Decembrinas 2024\u201d en Coyoac\u00e1n"},"content":{"rendered":"<p>\ud83d\udd38 El alcalde present\u00f3 un esfuerzo conjunto con diversas instituciones para garantizar la seguridad de los coyoacanenses durante las celebraciones<\/p>\n<p>#CDMX | El alcalde de Coyoac\u00e1n, Giovani Guti\u00e9rrez, inici\u00f3 el dispositivo de seguridad \u201cFiestas Decembrinas 2024\u201d, una estrategia integral dise\u00f1ada para proteger a los habitantes de la demarcaci\u00f3n, sus familias y su patrimonio durante las festividades de fin de a\u00f1o. Este programa se llevar\u00e1 a cabo con la colaboraci\u00f3n de diversas instituciones de seguridad, con el objetivo de brindar un ambiente seguro en las celebraciones decembrinas.<\/p>\n<p>\u201cEn Coyoac\u00e1n te protegemos a ti, a tu familia y tu patrimonio, por eso arrancamos el dispositivo de seguridad &#8216;Fiestas Decembrinas 2024&#8217;\u201d, expres\u00f3 Guti\u00e9rrez durante el inicio del operativo, subrayando la importancia de la seguridad p\u00fablica para la tranquilidad de los vecinos de la alcald\u00eda.<\/p>\n<p>El operativo contar\u00e1 con la coordinaci\u00f3n entre \u00abEscudo Coyoac\u00e1n\u00bb, la Unidad de Gesti\u00f3n Integral de Riesgos y Protecci\u00f3n Civil de Coyoac\u00e1n (UGIRPC), la Secretar\u00eda de la Defensa Nacional (SEDENA), la Guardia Nacional y la Secretar\u00eda de Seguridad Ciudadana de la Ciudad de M\u00e9xico (SSCCDMX). Esta colaboraci\u00f3n permitir\u00e1 una respuesta r\u00e1pida y eficiente ante cualquier incidente que pueda presentarse durante las festividades.<\/p>\n<p>Adem\u00e1s de los patrullajes y las medidas preventivas, el dispositivo tambi\u00e9n incluir\u00e1 la vigilancia en puntos estrat\u00e9gicos de la alcald\u00eda, especialmente en \u00e1reas con alta concentraci\u00f3n de personas, como plazas y mercados, para garantizar la seguridad de los asistentes a los eventos y actividades de la temporada.<\/p>\n<p>Giovani Guti\u00e9rrez destac\u00f3 que este esfuerzo busca que todos los coyoacanenses puedan disfrutar de las celebraciones con total confianza. \u201cContigo Imparables\u201d es el lema de este dispositivo, que refleja el compromiso del gobierno local para garantizar la paz y el orden en la alcald\u00eda durante estas fiestas.<\/p>\n","protected":false},"excerpt":{"rendered":"<p>\ud83d\udd38 El alcalde present\u00f3 un esfuerzo conjunto con diversas instituciones para garantizar la seguridad de los coyoacanenses durante las celebraciones #CDMX | El alcalde de Coyoac\u00e1n, Giovani Guti\u00e9rrez, inici\u00f3 el&hellip;<\/p>\n","protected":false},"author":1,"featured_media":34937,"comment_status":"open","ping_status":"closed","sticky":false,"template":"","format":"standard","meta":{"footnotes":""},"categories":[28],"tags":[],"class_list":["post-34935","post","type-post","status-publish","format-standard","has-post-thumbnail","hentry","category-cdmx"],"_links":{"self":[{"href":"https:\/\/radiogecko.com\/index.php?rest_route=\/wp\/v2\/posts\/34935","targetHints":{"allow":["GET"]}}],"collection":[{"href":"https:\/\/radiogecko.com\/index.php?rest_route=\/wp\/v2\/posts"}],"about":[{"href":"https:\/\/radiogecko.com\/index.php?rest_route=\/wp\/v2\/types\/post"}],"author":[{"embeddable":true,"href":"https:\/\/radiogecko.com\/index.php?rest_route=\/wp\/v2\/users\/1"}],"replies":[{"embeddable":true,"href":"https:\/\/radiogecko.com\/index.php?rest_route=%2Fwp%2Fv2%2Fcomments&post=34935"}],"version-history":[{"count":1,"href":"https:\/\/radiogecko.com\/index.php?rest_route=\/wp\/v2\/posts\/34935\/revisions"}],"predecessor-version":[{"id":34936,"href":"https:\/\/radiogecko.com\/index.php?rest_route=\/wp\/v2\/posts\/34935\/revisions\/34936"}],"wp:featuredmedia":[{"embeddable":true,"href":"https:\/\/radiogecko.com\/index.php?rest_route=\/wp\/v2\/media\/34937"}],"wp:attachment":[{"href":"https:\/\/radiogecko.com\/index.php?rest_route=%2Fwp%2Fv2%2Fmedia&parent=34935"}],"wp:term":[{"taxonomy":"category","embeddable":true,"href":"https:\/\/radiogecko.com\/index.php?rest_route=%2Fwp%2Fv2%2Fcategories&post=34935"},{"taxonomy":"post_tag","embeddable":true,"href":"https:\/\/radiogecko.com\/index.php?rest_route=%2Fwp%2Fv2%2Ftags&post=34935"}],"curies":[{"name":"wp","href":"https:\/\/api.w.org\/{rel}","templated":true}]}}