{"id":34957,"date":"2024-12-19T12:23:58","date_gmt":"2024-12-19T17:23:58","guid":{"rendered":"https:\/\/radiogecko.com\/?p=34957"},"modified":"2024-12-19T17:23:59","modified_gmt":"2024-12-19T17:23:59","slug":"yucatan-tendra-vuelos-directos-merida-los-angeles-en-vacaciones-de-invierno","status":"publish","type":"post","link":"https:\/\/radiogecko.com\/?p=34957","title":{"rendered":"Yucat\u00e1n tendr\u00e1 vuelos directos M\u00e9rida-Los \u00c1ngeles en vacaciones de invierno"},"content":{"rendered":"<p>\ud83d\udd38 La l\u00ednea aerea Viva operar\u00e1 la ruta con una frecuencia semanal<\/p>\n<p>#YUCAT\u00c1N | En el marco de los esfuerzos por consolidar a Yucat\u00e1n como un destino tur\u00edstico de clase mundial, la Secretar\u00eda de Fomento Tur\u00edstico del Estado de Yucat\u00e1n se complace en anunciar el inicio de operaciones de la nueva ruta a\u00e9rea que conectar\u00e1 a M\u00e9rida, Yucat\u00e1n con Los \u00c1ngeles, California, durante la temporada vacacional de invierno.<\/p>\n<p>Esta iniciativa, desarrollada en colaboraci\u00f3n con la aerol\u00ednea Viva, refuerza la conectividad a\u00e9rea del estado hacia uno de los mercados m\u00e1s importantes para el turismo internacional. La ruta temporal operar\u00e1 con una frecuencia semanal los d\u00edas 18 y 25 de diciembre, as\u00ed como el 1 y 8 de enero, permitiendo una mayor afluencia de visitantes y generando nuevas oportunidades de intercambio cultural y econ\u00f3mico entre Yucat\u00e1n y el estado de California.<\/p>\n<p>\u201cLa apertura de esta ruta reafirma nuestro compromiso de incrementar las opciones de conectividad para los viajeros que desean conocer Yucat\u00e1n y la belleza del destino. Al mismo tiempo, establece v\u00ednculos y lazos con nuestros paisanos en el extranjero, ya que familias yucatecas tienen domicilio en California y esto tambi\u00e9n traer\u00e1 encuentros familiares, tambi\u00e9n abre la puerta a nuevas oportunidades desarrollo tanto tur\u00edstico como comercial\u201d, declar\u00f3 Dar\u00edo Flota, Secretario de Turismo de Yucat\u00e1n.<\/p>\n<p>La reciente recuperaci\u00f3n de la Categor\u00eda 1 otorgada por el Gobierno de los Estados Unidos ha permitido a las aerol\u00edneas nacionales, como VivaAerobus, ampliar sus rutas internacionales hacia la Uni\u00f3n Americana, facilitando as\u00ed este tipo de iniciativas. Estos vuelos representan un paso significativo para incrementar el flujo tur\u00edstico hacia Yucat\u00e1n, consolidando a M\u00e9rida como un hub estrat\u00e9gico de conectividad en el sureste mexicano.<\/p>\n<p>\u201cPara finales de octubre Viva Aerobus super\u00f3 el n\u00famero de pasajeros transportados del 2023 con m\u00e1s de un mill\u00f3n 300 mil y se espera que el pr\u00f3ximo a\u00f1o supere el mill\u00f3n 500 mil\u201d, declar\u00f3 Walfred Castro, Director de Comunicaci\u00f3n Corporativa de Viva<\/p>\n<p>Horarios y frecuencia<\/p>\n<p>Los vuelos est\u00e1n programados para los d\u00edas 18 y 25 de diciembre de 2024, as\u00ed como para el 1 y 8 de enero de 2025. El vuelo M\u00e9rida &#8211; Los \u00c1ngeles tiene un horario de 9:10 a 12:05 horas, y el de Los \u00c1ngeles &#8211; M\u00e9rida de 13:25 a 20 horas.<\/p>\n<p>Promoci\u00f3n del turismo y oportunidades de conexi\u00f3n<\/p>\n<p>Esta nueva conexi\u00f3n no solo beneficiar\u00e1 a los viajeros yucatecos interesados en visitar Los \u00c1ngeles, con sus ic\u00f3nicos atractivos como Hollywood y parques tem\u00e1ticos de renombre mundial, sino que tambi\u00e9n facilitar\u00e1 la llegada de turistas californianos al estado. Los visitantes podr\u00e1n deleitarse con la gastronom\u00eda local, explorar las impresionantes zonas arqueol\u00f3gicas y descubrir los encantos de Yucat\u00e1n, una regi\u00f3n que combina historia, naturaleza y modernidad.<\/p>\n<p>En el corte de list\u00f3n del vuelo inaugural estuvo presente Dar\u00edo Flota Ocampo, secretario de Fomento Tur\u00edstico de Yucat\u00e1n; H\u00e9ctor Navarrete Mu\u00f1oz, director de Aeropuertos Regionales de Asur; Oscar Carrillo Maldonado, administrador del Aeropuerto Internacional de M\u00e9rida; Walfred Castro Novelo, director de comunicaci\u00f3n corporativa de Viva; Raul Paz Noriega, subsecretario de Desarrollo Tur\u00edstico y Lizzie Cole, subsecretaria de Inteligencia de Mercados.<\/p>\n","protected":false},"excerpt":{"rendered":"<p>\ud83d\udd38 La l\u00ednea aerea Viva operar\u00e1 la ruta con una frecuencia semanal #YUCAT\u00c1N | En el marco de los esfuerzos por consolidar a Yucat\u00e1n como un destino tur\u00edstico de clase&hellip;<\/p>\n","protected":false},"author":1,"featured_media":34959,"comment_status":"open","ping_status":"closed","sticky":false,"template":"","format":"standard","meta":{"footnotes":""},"categories":[26],"tags":[],"class_list":["post-34957","post","type-post","status-publish","format-standard","has-post-thumbnail","hentry","category-yucatan"],"_links":{"self":[{"href":"https:\/\/radiogecko.com\/index.php?rest_route=\/wp\/v2\/posts\/34957","targetHints":{"allow":["GET"]}}],"collection":[{"href":"https:\/\/radiogecko.com\/index.php?rest_route=\/wp\/v2\/posts"}],"about":[{"href":"https:\/\/radiogecko.com\/index.php?rest_route=\/wp\/v2\/types\/post"}],"author":[{"embeddable":true,"href":"https:\/\/radiogecko.com\/index.php?rest_route=\/wp\/v2\/users\/1"}],"replies":[{"embeddable":true,"href":"https:\/\/radiogecko.com\/index.php?rest_route=%2Fwp%2Fv2%2Fcomments&post=34957"}],"version-history":[{"count":1,"href":"https:\/\/radiogecko.com\/index.php?rest_route=\/wp\/v2\/posts\/34957\/revisions"}],"predecessor-version":[{"id":34958,"href":"https:\/\/radiogecko.com\/index.php?rest_route=\/wp\/v2\/posts\/34957\/revisions\/34958"}],"wp:featuredmedia":[{"embeddable":true,"href":"https:\/\/radiogecko.com\/index.php?rest_route=\/wp\/v2\/media\/34959"}],"wp:attachment":[{"href":"https:\/\/radiogecko.com\/index.php?rest_route=%2Fwp%2Fv2%2Fmedia&parent=34957"}],"wp:term":[{"taxonomy":"category","embeddable":true,"href":"https:\/\/radiogecko.com\/index.php?rest_route=%2Fwp%2Fv2%2Fcategories&post=34957"},{"taxonomy":"post_tag","embeddable":true,"href":"https:\/\/radiogecko.com\/index.php?rest_route=%2Fwp%2Fv2%2Ftags&post=34957"}],"curies":[{"name":"wp","href":"https:\/\/api.w.org\/{rel}","templated":true}]}}