{"id":35017,"date":"2024-12-21T21:40:39","date_gmt":"2024-12-22T02:40:39","guid":{"rendered":"https:\/\/radiogecko.com\/?p=35017"},"modified":"2024-12-22T02:40:40","modified_gmt":"2024-12-22T02:40:40","slug":"oscar-renteria-asume-como-nuevo-secretario-de-seguridad-publica-de-sinaloa-garcia-harfuch-lo-respalda","status":"publish","type":"post","link":"https:\/\/radiogecko.com\/?p=35017","title":{"rendered":"\u00d3scar Renter\u00eda asume como nuevo secretario de Seguridad P\u00fablica de Sinaloa; Garc\u00eda Harfuch lo respalda"},"content":{"rendered":"<p>\ud83d\udd38 Hoy, el gobernador Rub\u00e9n Rocha anunci\u00f3 el cambio en su gabinete, tras la renuncia del anterior secretario.<\/p>\n<p>#SINALOA | \u00d3scar Renter\u00eda\u00a0Schazarino\u00a0fue nombrado esta ma\u00f1ana como nuevo secretario de Seguridad de Sinaloa, luego de que\u00a0Gerardo M\u00e9rida S\u00e1nchez renunciara al mismo cargo\u00a0sin explicar sus motivos.<\/p>\n<p>El gobernador Rub\u00e9n Rocha nombr\u00f3 al nuevo funcionario, quien\u00a0asumi\u00f3 el cargo en un acto que cont\u00f3 con la presencia del secretario de Seguridad y Protecci\u00f3n Ciudadana, Omar Garc\u00eda Harfuch.<\/p>\n<p>A trav\u00e9s de su cuenta en la red social X, Omar Garc\u00eda Harfuch inform\u00f3 sobre el nombramiento del general Renter\u00eda, destacando que cuenta con el respaldo total del gabinete de seguridad federal. El funcionario subray\u00f3 que se dar\u00e1 continuidad a las acciones para combatir la violencia en el estado y detener a los responsables.<\/p>\n<p>Asimismo, destac\u00f3 los resultados de los operativos realizados hasta la fecha, los cuales han logrado: La detenci\u00f3n de m\u00e1s de 200 personas vinculadas a delitos de alto impacto, El aseguramiento de m\u00e1s de 400 veh\u00edculos, incluyendo 70 blindados, La incautaci\u00f3n de m\u00e1s de 600 armas de alto poder, granadas y explosivos, El decomiso de m\u00e1s de una tonelada de fentanilo, adem\u00e1s de otras drogas.<\/p>\n<p>Estos logros, precis\u00f3 Harfuch, son producto de la coordinaci\u00f3n entre la Secretar\u00eda de la Defensa Nacional (Defensa), la Secretar\u00eda de Marina (SEMAR), la Fiscal\u00eda General de la Rep\u00fablica (FGR) y la SSPC.<\/p>\n<p>El nuevo secretario de Seguridad de Sinaloa,\u00a0\u00d3scar Renter\u00eda Schazarino, fue recomendado en el puesto por la misma Secretar\u00eda de Defensa (Defensa), esto con el objetivo de incluir a m\u00e1s elementos del Ej\u00e9rcito mexicano en las tareas\u00a0de seguridad.<\/p>\n<p>Ya que, seg\u00fan varios art\u00edculos del gobierno de M\u00e9xico,\u00a0Renter\u00eda Scazarino\u00a0 fue un militar que en 2022 atendi\u00f3 a general brigadier.\u00a0En aquella ocasi\u00f3n, se inform\u00f3 que\u00a0400 mayores, 474 capitanes primeros, 846 capitanes segundos, mil 220 tenientes y 911 subtenientes fueron atendidos, entre ellos el nuevo secretario de seguridad.<\/p>\n<p>\u00d3scar Renter\u00eda Schazarino, comandante de la Primera Zona Militar de la Secretar\u00eda de la Defensa Nacional, particip\u00f3 junto con la actual presidenta Claudia Sheinbaum en la graduaci\u00f3n de 285 elementos de la\u00a0Universidad de la Polic\u00eda (Unipol),\u00a0en abril del 2023.<\/p>\n<p>\u00abQuiero aprovechar para agradecer al capit\u00e1n de nav\u00edo, a Miguel \u00c1ngel Rosales Maldonado, de la Secretar\u00eda de Marina; al comisario Alberto Rom\u00e1n Gonz\u00e1lez Fern\u00e1ndez, coordinador estatal de la Guardia Nacional en la Ciudad de M\u00e9xico; y al general \u00d3scar Renter\u00eda Schazarino, de la Secretar\u00eda de la Defensa Nacional\u00bb, dijo la entonces jefa de gobierno de la Ciudad de M\u00e9xico.<\/p>\n<p>En mayo de 2024,\u00a0Schazarino\u00a0 particip\u00f3 en la\u00a0Novena Mesa de Gobernabilidad y Seguimiento al Proceso Electoral 2023-2024, en la que destacaba por su cargo como comandante de la 43 Zona Militar.<\/p>\n<p>El nombramiento de\u00a0\u00d3scar Renter\u00eda se dio en presencia de Rub\u00e9n Rocha Moya, y el titular de la Secretar\u00eda de Seguridad y Protecci\u00f3n Ciudadana,\u00a0Omar Garc\u00eda Harfuch\u00a0, a unos cuantos d\u00edas de que un elemento de la dependencia fuera abatido a balazos.<\/p>\n","protected":false},"excerpt":{"rendered":"<p>\ud83d\udd38 Hoy, el gobernador Rub\u00e9n Rocha anunci\u00f3 el cambio en su gabinete, tras la renuncia del anterior secretario. #SINALOA | \u00d3scar Renter\u00eda\u00a0Schazarino\u00a0fue nombrado esta ma\u00f1ana como nuevo secretario de Seguridad&hellip;<\/p>\n","protected":false},"author":1,"featured_media":35019,"comment_status":"open","ping_status":"closed","sticky":false,"template":"","format":"standard","meta":{"footnotes":""},"categories":[34],"tags":[],"class_list":["post-35017","post","type-post","status-publish","format-standard","has-post-thumbnail","hentry","category-sinaloa"],"_links":{"self":[{"href":"https:\/\/radiogecko.com\/index.php?rest_route=\/wp\/v2\/posts\/35017","targetHints":{"allow":["GET"]}}],"collection":[{"href":"https:\/\/radiogecko.com\/index.php?rest_route=\/wp\/v2\/posts"}],"about":[{"href":"https:\/\/radiogecko.com\/index.php?rest_route=\/wp\/v2\/types\/post"}],"author":[{"embeddable":true,"href":"https:\/\/radiogecko.com\/index.php?rest_route=\/wp\/v2\/users\/1"}],"replies":[{"embeddable":true,"href":"https:\/\/radiogecko.com\/index.php?rest_route=%2Fwp%2Fv2%2Fcomments&post=35017"}],"version-history":[{"count":1,"href":"https:\/\/radiogecko.com\/index.php?rest_route=\/wp\/v2\/posts\/35017\/revisions"}],"predecessor-version":[{"id":35018,"href":"https:\/\/radiogecko.com\/index.php?rest_route=\/wp\/v2\/posts\/35017\/revisions\/35018"}],"wp:featuredmedia":[{"embeddable":true,"href":"https:\/\/radiogecko.com\/index.php?rest_route=\/wp\/v2\/media\/35019"}],"wp:attachment":[{"href":"https:\/\/radiogecko.com\/index.php?rest_route=%2Fwp%2Fv2%2Fmedia&parent=35017"}],"wp:term":[{"taxonomy":"category","embeddable":true,"href":"https:\/\/radiogecko.com\/index.php?rest_route=%2Fwp%2Fv2%2Fcategories&post=35017"},{"taxonomy":"post_tag","embeddable":true,"href":"https:\/\/radiogecko.com\/index.php?rest_route=%2Fwp%2Fv2%2Ftags&post=35017"}],"curies":[{"name":"wp","href":"https:\/\/api.w.org\/{rel}","templated":true}]}}