{"id":35080,"date":"2024-12-26T12:35:51","date_gmt":"2024-12-26T17:35:51","guid":{"rendered":"https:\/\/radiogecko.com\/?p=35080"},"modified":"2024-12-26T17:35:52","modified_gmt":"2024-12-26T17:35:52","slug":"perrito-muere-tras-explotarle-cohete-en-el-hocico","status":"publish","type":"post","link":"https:\/\/radiogecko.com\/?p=35080","title":{"rendered":"Perrito muere tras explotarle cohete en el hocico"},"content":{"rendered":"<p>\ud83d\udd38 Internautas y defensores de animales claman por castigo a los responsables mientras el caso sacude a la opini\u00f3n p\u00fablica<\/p>\n<p>#MICHOAC\u00c1N | Desde el estado de Michoac\u00e1n, surge un caso de maltrato animal que habr\u00eda sucedido durante la madrugada de este 24 de diciembre de 2024.<\/p>\n<p>Se trata de un perrito que muri\u00f3 luego de que le explotara un cohete en el hocico, despu\u00e9s de que unas personas se lo colocaran intencionalmente, en el municipio de Jacona.<\/p>\n<p>Tras su fallecimiento, habitantes, activistas y usuarios de redes sociales piden que se haga justicia y se d\u00e9 con los responsables.<\/p>\n<p>De acuerdo con medios locales, el hecho sucedi\u00f3 en las inmediaciones de las instalaciones del IMSS Jacona, donde deambulaba<br \/>\nFue en la madrugada de Navidad cuando unos individuos, algunas versiones se\u00f1alan que se tratar\u00eda de una menor de edad junto con una acompa\u00f1ante, se acercaron al canino.<\/p>\n<p>Habr\u00edan sido estas personas quienes lastimaron mortalmente al lomito, ya que, supuestamente, le habr\u00edan dado el cohete escondido en comida, aunque tambi\u00e9n se\u00f1alan que, sin m\u00e1s, se lo pusieron en el hocico.<\/p>\n<p>Tras la explosi\u00f3n, el perro sufri\u00f3 heridas graves, ya que su mand\u00edbula habr\u00eda quedado destrozada, adem\u00e1s de que se habr\u00eda quedado en la calle desangr\u00e1ndose.<\/p>\n<p>Luego de que se diera a conocer el incidente, del que circula un fuerte video en redes sociales, al no saber su nombre, internautas decidieron llamarlo \u201cG\u00fcero\u201d.<\/p>\n<p>Con el hashtag #JusticiaParaG\u00fcero, piden a las autoridades que s\u00e9 d\u00e9 con los responsables de este caso de maltrato animal.<\/p>\n<p>Haydee Alpha, directora de Protecci\u00f3n Animal y Ecolog\u00eda del Gobierno de Zamora, adem\u00e1s de lamentarlo, se\u00f1al\u00f3 que el hecho ya fue reportado a Seguridad P\u00fablica de Jacona, con el objetivo que s\u00e9 d\u00e9 aviso a la Fiscal\u00eda estatal y se hagan las investigaciones correspondientes.<\/p>\n<p>Por su parte, el Gobierno Municipal de Jacona emiti\u00f3 un comunicado a trav\u00e9s de su cuenta oficial de Facebook, en su postura, el alcalde, Isidoro Mosqueda, declar\u00f3 que en su administraci\u00f3n \u201cno se permitir\u00e1n ni tolerar\u00e1n actos de violencia contra ning\u00fan animalito\u201d.<\/p>\n<p>&nbsp;<\/p>\n<p>&nbsp;<\/p>\n","protected":false},"excerpt":{"rendered":"<p>\ud83d\udd38 Internautas y defensores de animales claman por castigo a los responsables mientras el caso sacude a la opini\u00f3n p\u00fablica #MICHOAC\u00c1N | Desde el estado de Michoac\u00e1n, surge un caso&hellip;<\/p>\n","protected":false},"author":1,"featured_media":35082,"comment_status":"open","ping_status":"closed","sticky":false,"template":"","format":"standard","meta":{"footnotes":""},"categories":[27],"tags":[],"class_list":["post-35080","post","type-post","status-publish","format-standard","has-post-thumbnail","hentry","category-michoacan"],"_links":{"self":[{"href":"https:\/\/radiogecko.com\/index.php?rest_route=\/wp\/v2\/posts\/35080","targetHints":{"allow":["GET"]}}],"collection":[{"href":"https:\/\/radiogecko.com\/index.php?rest_route=\/wp\/v2\/posts"}],"about":[{"href":"https:\/\/radiogecko.com\/index.php?rest_route=\/wp\/v2\/types\/post"}],"author":[{"embeddable":true,"href":"https:\/\/radiogecko.com\/index.php?rest_route=\/wp\/v2\/users\/1"}],"replies":[{"embeddable":true,"href":"https:\/\/radiogecko.com\/index.php?rest_route=%2Fwp%2Fv2%2Fcomments&post=35080"}],"version-history":[{"count":1,"href":"https:\/\/radiogecko.com\/index.php?rest_route=\/wp\/v2\/posts\/35080\/revisions"}],"predecessor-version":[{"id":35081,"href":"https:\/\/radiogecko.com\/index.php?rest_route=\/wp\/v2\/posts\/35080\/revisions\/35081"}],"wp:featuredmedia":[{"embeddable":true,"href":"https:\/\/radiogecko.com\/index.php?rest_route=\/wp\/v2\/media\/35082"}],"wp:attachment":[{"href":"https:\/\/radiogecko.com\/index.php?rest_route=%2Fwp%2Fv2%2Fmedia&parent=35080"}],"wp:term":[{"taxonomy":"category","embeddable":true,"href":"https:\/\/radiogecko.com\/index.php?rest_route=%2Fwp%2Fv2%2Fcategories&post=35080"},{"taxonomy":"post_tag","embeddable":true,"href":"https:\/\/radiogecko.com\/index.php?rest_route=%2Fwp%2Fv2%2Ftags&post=35080"}],"curies":[{"name":"wp","href":"https:\/\/api.w.org\/{rel}","templated":true}]}}