{"id":35250,"date":"2025-01-07T11:13:54","date_gmt":"2025-01-07T16:13:54","guid":{"rendered":"https:\/\/radiogecko.com\/?p=35250"},"modified":"2025-01-07T16:13:56","modified_gmt":"2025-01-07T16:13:56","slug":"fernando-mercado-celebra-el-dia-de-reyes-en-la-magdalena-contreras","status":"publish","type":"post","link":"https:\/\/radiogecko.com\/?p=35250","title":{"rendered":"Fernando Mercado celebra el D\u00eda de Reyes en La Magdalena Contreras"},"content":{"rendered":"<p>\ud83d\udd38 El alcalde estuvo acompa\u00f1ado de la Secretaria del Medio Ambiente de la CDMX para festejar a los ni\u00f1os y ni\u00f1as del municipio<\/p>\n<p>#CDMX | Fernando Mercado, alcalde de La Magdalena Contreras, encabez\u00f3 la celebraci\u00f3n del D\u00eda de Reyes en el Lienzo Charro de San Nicol\u00e1s, un evento que reuni\u00f3 a numerosas familias para disfrutar de una jornada llena de alegr\u00eda y magia.<\/p>\n<p>En esta ocasi\u00f3n, Mercado estuvo acompa\u00f1ado por Julia \u00c1lvarez Icaza Ram\u00edrez, Secretaria del Medio Ambiente de la Ciudad de M\u00e9xico, quien se sum\u00f3 a la festividad para compartir este momento especial con los ni\u00f1os de la alcald\u00eda.<\/p>\n<p>\u00abFue un honor contar con la presencia de Julia \u00c1lvarez Icaza en este festejo, que permiti\u00f3 a las ni\u00f1as y ni\u00f1os vivir una experiencia \u00fanica\u00bb, destac\u00f3 el alcalde.<\/p>\n<p>Con sonrisas y muchas sorpresas, la celebraci\u00f3n del D\u00eda de Reyes dej\u00f3 huella en las familias de La Magdalena Contreras, reafirmando el compromiso del gobierno local por ofrecer eventos que fomenten la convivencia y el bienestar infantil.<\/p>\n","protected":false},"excerpt":{"rendered":"<p>\ud83d\udd38 El alcalde estuvo acompa\u00f1ado de la Secretaria del Medio Ambiente de la CDMX para festejar a los ni\u00f1os y ni\u00f1as del municipio #CDMX | Fernando Mercado, alcalde de La&hellip;<\/p>\n","protected":false},"author":1,"featured_media":35252,"comment_status":"open","ping_status":"closed","sticky":false,"template":"","format":"standard","meta":{"footnotes":""},"categories":[28],"tags":[],"class_list":["post-35250","post","type-post","status-publish","format-standard","has-post-thumbnail","hentry","category-cdmx"],"_links":{"self":[{"href":"https:\/\/radiogecko.com\/index.php?rest_route=\/wp\/v2\/posts\/35250","targetHints":{"allow":["GET"]}}],"collection":[{"href":"https:\/\/radiogecko.com\/index.php?rest_route=\/wp\/v2\/posts"}],"about":[{"href":"https:\/\/radiogecko.com\/index.php?rest_route=\/wp\/v2\/types\/post"}],"author":[{"embeddable":true,"href":"https:\/\/radiogecko.com\/index.php?rest_route=\/wp\/v2\/users\/1"}],"replies":[{"embeddable":true,"href":"https:\/\/radiogecko.com\/index.php?rest_route=%2Fwp%2Fv2%2Fcomments&post=35250"}],"version-history":[{"count":1,"href":"https:\/\/radiogecko.com\/index.php?rest_route=\/wp\/v2\/posts\/35250\/revisions"}],"predecessor-version":[{"id":35251,"href":"https:\/\/radiogecko.com\/index.php?rest_route=\/wp\/v2\/posts\/35250\/revisions\/35251"}],"wp:featuredmedia":[{"embeddable":true,"href":"https:\/\/radiogecko.com\/index.php?rest_route=\/wp\/v2\/media\/35252"}],"wp:attachment":[{"href":"https:\/\/radiogecko.com\/index.php?rest_route=%2Fwp%2Fv2%2Fmedia&parent=35250"}],"wp:term":[{"taxonomy":"category","embeddable":true,"href":"https:\/\/radiogecko.com\/index.php?rest_route=%2Fwp%2Fv2%2Fcategories&post=35250"},{"taxonomy":"post_tag","embeddable":true,"href":"https:\/\/radiogecko.com\/index.php?rest_route=%2Fwp%2Fv2%2Ftags&post=35250"}],"curies":[{"name":"wp","href":"https:\/\/api.w.org\/{rel}","templated":true}]}}