{"id":35284,"date":"2025-01-09T12:12:49","date_gmt":"2025-01-09T17:12:49","guid":{"rendered":"https:\/\/radiogecko.com\/?p=35284"},"modified":"2025-01-09T17:12:51","modified_gmt":"2025-01-09T17:12:51","slug":"pepe-cinto-informa-como-fue-el-primer-martes-ciudadano-del-2025-en-juan-c-bonilla","status":"publish","type":"post","link":"https:\/\/radiogecko.com\/?p=35284","title":{"rendered":"Pepe Cinto informa c\u00f3mo fue el primer Martes Ciudadano del 2025 en Juan C. Bonilla"},"content":{"rendered":"<p>\ud83d\udd38El presidente municipal destac\u00f3 la importancia de seguir trabajando de la mano con la ciudadan\u00eda para resolver sus necesidades y continuar con el progreso del municipio<\/p>\n<p>#PUEBLA | Este 2025 comenz\u00f3 con el primer Martes Ciudadano del a\u00f1o, donde el presidente municipal Pepe Cinto recibi\u00f3 a la ciudadan\u00eda con entusiasmo y disposici\u00f3n para escuchar sus inquietudes y continuar trabajando en la mejora de su municipio. En este espacio de di\u00e1logo abierto, Cinto reafirm\u00f3 su compromiso con los habitantes, expresando su disponibilidad para seguir resolviendo sus necesidades y desaf\u00edos.<\/p>\n<p>\u201cRecuerden que en m\u00ed siempre tendr\u00e1n un amigo y servidor, estamos juntos en esto, haciendo equipo para seguir mejorando\u201d, dijo el presidente municipal, quien destac\u00f3 la importancia de mantener una comunicaci\u00f3n cercana con la comunidad y de trabajar en conjunto para lograr el desarrollo que todos desean.<\/p>\n<p>El Martes Ciudadano es una de las principales iniciativas de la administraci\u00f3n de Pepe Cinto, que busca facilitar el acceso de la poblaci\u00f3n a su gobierno y asegurar que sus voces sean escuchadas en la toma de decisiones. Este evento fue solo el inicio de una serie de encuentros que se continuar\u00e1n realizando a lo largo del a\u00f1o con el fin de mantener el compromiso de un gobierno cercano, transparente y eficiente.<\/p>\n<p>Sin duda, con este tipo de iniciativas, Juan C. Bonilla sigue avanzando en la construcci\u00f3n de un futuro mejor para todos sus habitantes.<\/p>\n","protected":false},"excerpt":{"rendered":"<p>\ud83d\udd38El presidente municipal destac\u00f3 la importancia de seguir trabajando de la mano con la ciudadan\u00eda para resolver sus necesidades y continuar con el progreso del municipio #PUEBLA | Este 2025&hellip;<\/p>\n","protected":false},"author":1,"featured_media":35286,"comment_status":"open","ping_status":"closed","sticky":false,"template":"","format":"standard","meta":{"footnotes":""},"categories":[36],"tags":[],"class_list":["post-35284","post","type-post","status-publish","format-standard","has-post-thumbnail","hentry","category-puebla"],"_links":{"self":[{"href":"https:\/\/radiogecko.com\/index.php?rest_route=\/wp\/v2\/posts\/35284","targetHints":{"allow":["GET"]}}],"collection":[{"href":"https:\/\/radiogecko.com\/index.php?rest_route=\/wp\/v2\/posts"}],"about":[{"href":"https:\/\/radiogecko.com\/index.php?rest_route=\/wp\/v2\/types\/post"}],"author":[{"embeddable":true,"href":"https:\/\/radiogecko.com\/index.php?rest_route=\/wp\/v2\/users\/1"}],"replies":[{"embeddable":true,"href":"https:\/\/radiogecko.com\/index.php?rest_route=%2Fwp%2Fv2%2Fcomments&post=35284"}],"version-history":[{"count":1,"href":"https:\/\/radiogecko.com\/index.php?rest_route=\/wp\/v2\/posts\/35284\/revisions"}],"predecessor-version":[{"id":35285,"href":"https:\/\/radiogecko.com\/index.php?rest_route=\/wp\/v2\/posts\/35284\/revisions\/35285"}],"wp:featuredmedia":[{"embeddable":true,"href":"https:\/\/radiogecko.com\/index.php?rest_route=\/wp\/v2\/media\/35286"}],"wp:attachment":[{"href":"https:\/\/radiogecko.com\/index.php?rest_route=%2Fwp%2Fv2%2Fmedia&parent=35284"}],"wp:term":[{"taxonomy":"category","embeddable":true,"href":"https:\/\/radiogecko.com\/index.php?rest_route=%2Fwp%2Fv2%2Fcategories&post=35284"},{"taxonomy":"post_tag","embeddable":true,"href":"https:\/\/radiogecko.com\/index.php?rest_route=%2Fwp%2Fv2%2Ftags&post=35284"}],"curies":[{"name":"wp","href":"https:\/\/api.w.org\/{rel}","templated":true}]}}