{"id":35322,"date":"2025-01-10T12:56:10","date_gmt":"2025-01-10T17:56:10","guid":{"rendered":"https:\/\/radiogecko.com\/?p=35322"},"modified":"2025-01-10T17:56:30","modified_gmt":"2025-01-10T17:56:30","slug":"marcelo-abundiz-se-reune-con-asesores-tecnicos-pedagogicos-para-compartir-proyectos-en-beneficio-del-gremio-magisterial","status":"publish","type":"post","link":"https:\/\/radiogecko.com\/?p=35322","title":{"rendered":"Marcelo Abundiz se re\u00fane con asesores t\u00e9cnicos pedag\u00f3gicos para compartir proyectos en beneficio del gremio magisterial"},"content":{"rendered":"<p>\ud83d\udd38 El diputado local por Tamaulipas busca fortalecer el trabajo conjunto en pro de la educaci\u00f3n en la regi\u00f3n<\/p>\n<p>#TAMAULIPAS | En un ambiente c\u00e1lido y cordial, el diputado local Marcelo Abundiz se reuni\u00f3 con sus amigas y amigos asesores t\u00e9cnicos pedag\u00f3gicos para compartir ideas y proyectos que busquen beneficiar al gremio magisterial. La reuni\u00f3n, que se llev\u00f3 a cabo con el prop\u00f3sito de fortalecer el trabajo en conjunto, permiti\u00f3 a los presentes intercambiar opiniones sobre el futuro de la educaci\u00f3n en Tamaulipas y las posibles acciones a implementar en beneficio de los maestros y maestras de la regi\u00f3n.<\/p>\n<p>Abundiz agradeci\u00f3 especialmente a la maestra Mireya Nedzelski Loya, supervisora de educaci\u00f3n de las secundarias t\u00e9cnicas de la zona 16, por su colaboraci\u00f3n y dedicaci\u00f3n al \u00e1mbito educativo. Asimismo, reconoci\u00f3 la participaci\u00f3n activa de los maestros que asistieron a la reuni\u00f3n y dedicaron su tiempo para discutir proyectos importantes para el desarrollo del sistema educativo estatal.<\/p>\n<p>\u00abEsta reuni\u00f3n es una muestra de nuestro compromiso con la mejora educativa y el bienestar de nuestros docentes. Los maestros son la base del futuro de nuestras nuevas generaciones\u00bb, se\u00f1al\u00f3 Abundiz durante el encuentro.<\/p>\n<p>El evento tambi\u00e9n sirvi\u00f3 para celebrar la tradicional rosca de reyes, un momento de convivencia que permiti\u00f3 estrechar los lazos entre los involucrados y reafirmar el compromiso con el desarrollo educativo de Tamaulipas.<\/p>\n<p>Marcelo Abundiz reiter\u00f3 su compromiso de seguir trabajando de la mano con los asesores y docentes para generar propuestas que beneficien al sector educativo y fortalezcan la calidad de la ense\u00f1anza en la regi\u00f3n.<\/p>\n","protected":false},"excerpt":{"rendered":"<p>\ud83d\udd38 El diputado local por Tamaulipas busca fortalecer el trabajo conjunto en pro de la educaci\u00f3n en la regi\u00f3n #TAMAULIPAS | En un ambiente c\u00e1lido y cordial, el diputado local&hellip;<\/p>\n","protected":false},"author":1,"featured_media":35324,"comment_status":"open","ping_status":"closed","sticky":false,"template":"","format":"standard","meta":{"footnotes":""},"categories":[37],"tags":[],"class_list":["post-35322","post","type-post","status-publish","format-standard","has-post-thumbnail","hentry","category-tamaulipas"],"_links":{"self":[{"href":"https:\/\/radiogecko.com\/index.php?rest_route=\/wp\/v2\/posts\/35322","targetHints":{"allow":["GET"]}}],"collection":[{"href":"https:\/\/radiogecko.com\/index.php?rest_route=\/wp\/v2\/posts"}],"about":[{"href":"https:\/\/radiogecko.com\/index.php?rest_route=\/wp\/v2\/types\/post"}],"author":[{"embeddable":true,"href":"https:\/\/radiogecko.com\/index.php?rest_route=\/wp\/v2\/users\/1"}],"replies":[{"embeddable":true,"href":"https:\/\/radiogecko.com\/index.php?rest_route=%2Fwp%2Fv2%2Fcomments&post=35322"}],"version-history":[{"count":1,"href":"https:\/\/radiogecko.com\/index.php?rest_route=\/wp\/v2\/posts\/35322\/revisions"}],"predecessor-version":[{"id":35323,"href":"https:\/\/radiogecko.com\/index.php?rest_route=\/wp\/v2\/posts\/35322\/revisions\/35323"}],"wp:featuredmedia":[{"embeddable":true,"href":"https:\/\/radiogecko.com\/index.php?rest_route=\/wp\/v2\/media\/35324"}],"wp:attachment":[{"href":"https:\/\/radiogecko.com\/index.php?rest_route=%2Fwp%2Fv2%2Fmedia&parent=35322"}],"wp:term":[{"taxonomy":"category","embeddable":true,"href":"https:\/\/radiogecko.com\/index.php?rest_route=%2Fwp%2Fv2%2Fcategories&post=35322"},{"taxonomy":"post_tag","embeddable":true,"href":"https:\/\/radiogecko.com\/index.php?rest_route=%2Fwp%2Fv2%2Ftags&post=35322"}],"curies":[{"name":"wp","href":"https:\/\/api.w.org\/{rel}","templated":true}]}}