{"id":35449,"date":"2025-01-21T12:17:45","date_gmt":"2025-01-21T17:17:45","guid":{"rendered":"https:\/\/radiogecko.com\/?p=35449"},"modified":"2025-01-21T17:17:47","modified_gmt":"2025-01-21T17:17:47","slug":"ana-paty-peralta-fortalece-alianzas-internacionales-clave-para-el-bienestar-de-cancun","status":"publish","type":"post","link":"https:\/\/radiogecko.com\/?p=35449","title":{"rendered":"Ana Paty Peralta fortalece alianzas internacionales clave para el bienestar de Canc\u00fan"},"content":{"rendered":"<p>#ESPA\u00d1A | Previo al inicio de la Feria Internacional de Turismo (FITUR), la Presidenta Municipal, Ana Paty Peralta, particip\u00f3 en el Foro \u201cConectando Oportunidades en el Sector Tur\u00edstico\u201d de BBVA, donde se abordaron temas de impulso a ese sector y fortalecieron lazos con empresas potenciales para continuar invirtiendo en el destino.<\/p>\n<p>En este intercambio de perspectivas, la Alcaldesa de Canc\u00fan celebr\u00f3 poder compartir experiencias y proyectos para continuar impulsando los destinos de Quintana Roo, principalmente a Canc\u00fan, que se contin\u00faa consolidando como una ciudad multidestino, con una amplio cat\u00e1logo de atractivos tur\u00edsticos y una gran ciudad llena de oportunidades para la inversi\u00f3n.<\/p>\n<p>Durante el evento, participaron el Country Manager de BBVA en Espa\u00f1a, Peio Belausteguigoitia; el Country Manager de BBVA en M\u00e9xico, Eduardo Osuna y el economista Jefe del Grupo BBVA y Director de BBVA Research, Jorge Sicilia; as\u00ed como Secretaria de Turismo de M\u00e9xico (SECTUR), Josefina Rodr\u00edguez; la Gobernadora Mara Lezama; la presidenta del Consejo de Desarrollo Econ\u00f3mico Regional y Relocalizaci\u00f3n, Altagracia G\u00f3mez y el embajador de M\u00e9xico en Espa\u00f1a, Quirino Ordaz.<\/p>\n<p>Al participar en el panel \u201cLa Nueva Era del Sector Tur\u00edstico Mexicano\u201d, la gobernadora Mara Lezama destac\u00f3 que el Caribe Mexicano vive una \u201cNueva Era del Turismo\u201d con un liderazgo en diversificaci\u00f3n econ\u00f3mica, proyecci\u00f3n mundial y donde el \u00e9xito se refleja en la prosperidad de los hogares; con cifras que han alcanzado los 32 millones de pasajeros en los cuatro aeropuertos internacionales del estado.<\/p>\n<p>Por su parte, Josefina Rodr\u00edguez asegur\u00f3 que para el 2025 se tiene una proyecci\u00f3n de aumento del 200% de pasajeros extranjeros con la consolidaci\u00f3n del Tren Maya, adem\u00e1s, coment\u00f3 que con el modelo de gesti\u00f3n tur\u00edstica de Maya Kaan, los protagonistas del turismo son las comunidades mayas con un desarrollo incluyente.<\/p>\n<p>Tambi\u00e9n estuvieron presentes las presidentas municipales de Isla Mujeres, Atenea G\u00f3mez Ricalde y de Puerto Morelos, Blanca Merari Tziu Mu\u00f1oz; el secretario de Turismo, Bernardo Cueto Riestra; el director del CPTQ, Andr\u00e9s Mart\u00ednez Reynoso y el senador Eugenio Segura.<\/p>\n","protected":false},"excerpt":{"rendered":"<p>#ESPA\u00d1A | Previo al inicio de la Feria Internacional de Turismo (FITUR), la Presidenta Municipal, Ana Paty Peralta, particip\u00f3 en el Foro \u201cConectando Oportunidades en el Sector Tur\u00edstico\u201d de BBVA,&hellip;<\/p>\n","protected":false},"author":1,"featured_media":35451,"comment_status":"open","ping_status":"closed","sticky":false,"template":"","format":"standard","meta":{"footnotes":""},"categories":[9],"tags":[],"class_list":["post-35449","post","type-post","status-publish","format-standard","has-post-thumbnail","hentry","category-internacional"],"_links":{"self":[{"href":"https:\/\/radiogecko.com\/index.php?rest_route=\/wp\/v2\/posts\/35449","targetHints":{"allow":["GET"]}}],"collection":[{"href":"https:\/\/radiogecko.com\/index.php?rest_route=\/wp\/v2\/posts"}],"about":[{"href":"https:\/\/radiogecko.com\/index.php?rest_route=\/wp\/v2\/types\/post"}],"author":[{"embeddable":true,"href":"https:\/\/radiogecko.com\/index.php?rest_route=\/wp\/v2\/users\/1"}],"replies":[{"embeddable":true,"href":"https:\/\/radiogecko.com\/index.php?rest_route=%2Fwp%2Fv2%2Fcomments&post=35449"}],"version-history":[{"count":1,"href":"https:\/\/radiogecko.com\/index.php?rest_route=\/wp\/v2\/posts\/35449\/revisions"}],"predecessor-version":[{"id":35450,"href":"https:\/\/radiogecko.com\/index.php?rest_route=\/wp\/v2\/posts\/35449\/revisions\/35450"}],"wp:featuredmedia":[{"embeddable":true,"href":"https:\/\/radiogecko.com\/index.php?rest_route=\/wp\/v2\/media\/35451"}],"wp:attachment":[{"href":"https:\/\/radiogecko.com\/index.php?rest_route=%2Fwp%2Fv2%2Fmedia&parent=35449"}],"wp:term":[{"taxonomy":"category","embeddable":true,"href":"https:\/\/radiogecko.com\/index.php?rest_route=%2Fwp%2Fv2%2Fcategories&post=35449"},{"taxonomy":"post_tag","embeddable":true,"href":"https:\/\/radiogecko.com\/index.php?rest_route=%2Fwp%2Fv2%2Ftags&post=35449"}],"curies":[{"name":"wp","href":"https:\/\/api.w.org\/{rel}","templated":true}]}}