{"id":35612,"date":"2025-01-27T10:57:12","date_gmt":"2025-01-27T15:57:12","guid":{"rendered":"https:\/\/radiogecko.com\/?p=35612"},"modified":"2025-01-27T15:57:13","modified_gmt":"2025-01-27T15:57:13","slug":"christian-agundez-lidera-la-primera-sesion-ordinaria-de-la-junta-de-gobierno-de-oomsapas-los-cabos","status":"publish","type":"post","link":"https:\/\/radiogecko.com\/?p=35612","title":{"rendered":"Christian Ag\u00fandez lidera la Primera Sesi\u00f3n Ordinaria de la Junta de Gobierno de OOMSAPAS Los Cabos"},"content":{"rendered":"<p>\ud83d\udd38 El edil reafirma el compromiso de su gobierno con la mejora en el suministro y la infraestructura del agua en el municipio<\/p>\n<p>#BAJACALIFORNIASUR | El presidente municipal de Los Cabos, Christian Ag\u00fandez, encabez\u00f3 la Primera Sesi\u00f3n Ordinaria de la Junta de Gobierno de OOMSAPAS Los Cabos, en la que se revisaron los avances y proyectos prioritarios para optimizar el suministro y la infraestructura del agua en la regi\u00f3n.<\/p>\n<p>En su intervenci\u00f3n, Ag\u00fandez destac\u00f3 la importancia de este recurso vital para la calidad de vida de los ciudadanos.<\/p>\n<p>El mandatario local reiter\u00f3 el compromiso de su gobierno de garantizar que cada familia en Los Cabos tenga acceso al agua, asegurando que se seguir\u00e1n implementando medidas con responsabilidad y transparencia.<\/p>\n<p>Adem\u00e1s, destac\u00f3 que su administraci\u00f3n continuar\u00e1 trabajando en proyectos que fortalezcan este servicio esencial, con el fin de mejorar las condiciones de vida de todos los habitantes del municipio.<\/p>\n","protected":false},"excerpt":{"rendered":"<p>\ud83d\udd38 El edil reafirma el compromiso de su gobierno con la mejora en el suministro y la infraestructura del agua en el municipio #BAJACALIFORNIASUR | El presidente municipal de Los&hellip;<\/p>\n","protected":false},"author":1,"featured_media":35614,"comment_status":"open","ping_status":"closed","sticky":false,"template":"","format":"standard","meta":{"footnotes":""},"categories":[22],"tags":[],"class_list":["post-35612","post","type-post","status-publish","format-standard","has-post-thumbnail","hentry","category-baja-california-sur"],"_links":{"self":[{"href":"https:\/\/radiogecko.com\/index.php?rest_route=\/wp\/v2\/posts\/35612","targetHints":{"allow":["GET"]}}],"collection":[{"href":"https:\/\/radiogecko.com\/index.php?rest_route=\/wp\/v2\/posts"}],"about":[{"href":"https:\/\/radiogecko.com\/index.php?rest_route=\/wp\/v2\/types\/post"}],"author":[{"embeddable":true,"href":"https:\/\/radiogecko.com\/index.php?rest_route=\/wp\/v2\/users\/1"}],"replies":[{"embeddable":true,"href":"https:\/\/radiogecko.com\/index.php?rest_route=%2Fwp%2Fv2%2Fcomments&post=35612"}],"version-history":[{"count":1,"href":"https:\/\/radiogecko.com\/index.php?rest_route=\/wp\/v2\/posts\/35612\/revisions"}],"predecessor-version":[{"id":35613,"href":"https:\/\/radiogecko.com\/index.php?rest_route=\/wp\/v2\/posts\/35612\/revisions\/35613"}],"wp:featuredmedia":[{"embeddable":true,"href":"https:\/\/radiogecko.com\/index.php?rest_route=\/wp\/v2\/media\/35614"}],"wp:attachment":[{"href":"https:\/\/radiogecko.com\/index.php?rest_route=%2Fwp%2Fv2%2Fmedia&parent=35612"}],"wp:term":[{"taxonomy":"category","embeddable":true,"href":"https:\/\/radiogecko.com\/index.php?rest_route=%2Fwp%2Fv2%2Fcategories&post=35612"},{"taxonomy":"post_tag","embeddable":true,"href":"https:\/\/radiogecko.com\/index.php?rest_route=%2Fwp%2Fv2%2Ftags&post=35612"}],"curies":[{"name":"wp","href":"https:\/\/api.w.org\/{rel}","templated":true}]}}