{"id":35845,"date":"2025-02-13T12:17:17","date_gmt":"2025-02-13T17:17:17","guid":{"rendered":"https:\/\/radiogecko.com\/?p=35845"},"modified":"2025-02-13T17:17:18","modified_gmt":"2025-02-13T17:17:18","slug":"paty-cantu-confirma-que-su-boda-con-christian-vazquez-sera-este-ano","status":"publish","type":"post","link":"https:\/\/radiogecko.com\/?p=35845","title":{"rendered":"Paty Cant\u00fa confirma que su boda con Christian V\u00e1zquez ser\u00e1 este a\u00f1o"},"content":{"rendered":"<p>\ud83d\udd38La cantante asegur\u00f3 que su enlace ser\u00e1 este 2025 y destac\u00f3 la admiraci\u00f3n que siente por su prometido durante la alfombra roja de Entre Paredes<\/p>\n<p>#ESPECT\u00c1CULOS | Paty Cant\u00fa confirm\u00f3 que su boda con Christian V\u00e1zquez se llevar\u00e1 a cabo este a\u00f1o. Durante la alfombra roja del estreno de la serie Entre Paredes, la cantante habl\u00f3 sobre su relaci\u00f3n con el actor y reaccion\u00f3 a las escenas de beso que tiene con su ex, Aislinn Derbez.<\/p>\n<p>Cant\u00fa asisti\u00f3 al evento para apoyar a su prometido y destac\u00f3 la admiraci\u00f3n que siente por su trabajo.<\/p>\n<p>\u00abVengo de copiloto, vengo de fan, vengo de pareja apoyando al amor de su vida. Tambi\u00e9n nos admiramos, nos apoyamos y los mejores actores que yo he visto en cualquier idioma\u00bb, coment\u00f3.<\/p>\n<p>Cuando se le pregunt\u00f3 sobre la fecha de su boda, aclar\u00f3 que el 12 de febrero es el estreno de la serie y no el d\u00eda de su enlace, pero confirm\u00f3 que ser\u00e1 en 2024.<\/p>\n<p>\u00abNo es la boda, es el estreno de la serie, pero s\u00ed es este a\u00f1o\u00bb, afirm\u00f3.<\/p>\n<p>Paty Cant\u00fa y Christian V\u00e1zquez<br \/>\nSobre las escenas de beso entre V\u00e1zquez y Aislinn Derbez dentro de la serie, la cantante mencion\u00f3 que la comunicaci\u00f3n ha sido clave en su relaci\u00f3n.<\/p>\n<p>\u00abTratamos de balancear todo, entendemos los trabajos que tiene el otro y yo tengo que admitir que para m\u00ed este era como un terreno muy desconocido. Pero verlo en pantalla y verlo actuar es espectacular\u00bb, se\u00f1al\u00f3.<\/p>\n<p>Por su parte, V\u00e1zquez evit\u00f3 dar detalles sobre esas escenas y prefiri\u00f3 invitar al p\u00fablico a ver la serie. \u00abEse spoiler m\u00e1s bien tienen que ver la serie ma\u00f1ana 12 de febrero y ah\u00ed van a ver las sorpresas\u00bb, dijo el actor.<\/p>\n<p>El estreno de \u2018Entre Paredes\u2019 reuni\u00f3 a varios actores del elenco, entre ellos Aislinn Derbez, Ang\u00e9lica Arag\u00f3n, Ana Laievska y Armando Hern\u00e1ndez. La serie se estrenar\u00e1 el 12 de febrero en una plataforma de streaming.<\/p>\n","protected":false},"excerpt":{"rendered":"<p>\ud83d\udd38La cantante asegur\u00f3 que su enlace ser\u00e1 este 2025 y destac\u00f3 la admiraci\u00f3n que siente por su prometido durante la alfombra roja de Entre Paredes #ESPECT\u00c1CULOS | Paty Cant\u00fa confirm\u00f3&hellip;<\/p>\n","protected":false},"author":1,"featured_media":0,"comment_status":"open","ping_status":"closed","sticky":false,"template":"","format":"standard","meta":{"footnotes":""},"categories":[3],"tags":[],"class_list":["post-35845","post","type-post","status-publish","format-standard","hentry","category-espectaculos"],"_links":{"self":[{"href":"https:\/\/radiogecko.com\/index.php?rest_route=\/wp\/v2\/posts\/35845","targetHints":{"allow":["GET"]}}],"collection":[{"href":"https:\/\/radiogecko.com\/index.php?rest_route=\/wp\/v2\/posts"}],"about":[{"href":"https:\/\/radiogecko.com\/index.php?rest_route=\/wp\/v2\/types\/post"}],"author":[{"embeddable":true,"href":"https:\/\/radiogecko.com\/index.php?rest_route=\/wp\/v2\/users\/1"}],"replies":[{"embeddable":true,"href":"https:\/\/radiogecko.com\/index.php?rest_route=%2Fwp%2Fv2%2Fcomments&post=35845"}],"version-history":[{"count":1,"href":"https:\/\/radiogecko.com\/index.php?rest_route=\/wp\/v2\/posts\/35845\/revisions"}],"predecessor-version":[{"id":35846,"href":"https:\/\/radiogecko.com\/index.php?rest_route=\/wp\/v2\/posts\/35845\/revisions\/35846"}],"wp:attachment":[{"href":"https:\/\/radiogecko.com\/index.php?rest_route=%2Fwp%2Fv2%2Fmedia&parent=35845"}],"wp:term":[{"taxonomy":"category","embeddable":true,"href":"https:\/\/radiogecko.com\/index.php?rest_route=%2Fwp%2Fv2%2Fcategories&post=35845"},{"taxonomy":"post_tag","embeddable":true,"href":"https:\/\/radiogecko.com\/index.php?rest_route=%2Fwp%2Fv2%2Ftags&post=35845"}],"curies":[{"name":"wp","href":"https:\/\/api.w.org\/{rel}","templated":true}]}}