{"id":36587,"date":"2025-03-13T13:51:29","date_gmt":"2025-03-13T18:51:29","guid":{"rendered":"https:\/\/radiogecko.com\/?p=36587"},"modified":"2025-03-13T18:51:50","modified_gmt":"2025-03-13T18:51:50","slug":"se-fugan-3-reos-del-penal-de-cancun-todos-fueron-recapturados","status":"publish","type":"post","link":"https:\/\/radiogecko.com\/?p=36587","title":{"rendered":"Se fugan 3 reos del penal de Canc\u00fan; todos fueron recapturados"},"content":{"rendered":"<p>\ud83d\udd36\ufe0f La Fiscal\u00eda de Quintana Roo inform\u00f3 la apertura de una carpeta de investigaci\u00f3n para deslindar responsabilidades por la evasi\u00f3n de prisioneros<\/p>\n<p>#QUINTANAROO | Autoridades de Quintana Roo activaron el C\u00f3digo Rojo por la\u00a0fuga\u00a0de\u00a0tres reos\u00a0del\u00a0penal de Benito Ju\u00e1rez, Canc\u00fan.<\/p>\n<p>La fuga se registr\u00f3 la noche del mi\u00e9rcoles. Vecinos denunciaron haber visto a tres personas brincando el muro del penal, lo que desat\u00f3 una movilizaci\u00f3n policial.<\/p>\n<p>La Secretar\u00eda de Seguridad Ciudadana (SSC) de Quintana Roo inform\u00f3 la\u00a0recaptura inmediata\u00a0de\u00a0dos\u00a0de los\u00a0reos\u00a0fugados.<\/p>\n<p>El\u00a0tercer recluso, identificado como Oscar Adhemir y\/o Irving Alejandro, fue\u00a0localizado\u00a0hasta la ma\u00f1ana de este jueves, en un \u00e1rea selv\u00e1tica cerca de la\u00a0colonia El Pedregal.<\/p>\n<p>La\u00a0Fiscal\u00eda\u00a0del estado inform\u00f3 la apertura de una\u00a0carpeta de investigaci\u00f3n\u00a0para indagar la actuaci\u00f3n de las autoridades carcelarias y deslindar responsabilidades.<\/p>\n","protected":false},"excerpt":{"rendered":"<p>\ud83d\udd36\ufe0f La Fiscal\u00eda de Quintana Roo inform\u00f3 la apertura de una carpeta de investigaci\u00f3n para deslindar responsabilidades por la evasi\u00f3n de prisioneros #QUINTANAROO | Autoridades de Quintana Roo activaron el&hellip;<\/p>\n","protected":false},"author":1,"featured_media":36589,"comment_status":"open","ping_status":"closed","sticky":false,"template":"","format":"standard","meta":{"footnotes":""},"categories":[5],"tags":[],"class_list":["post-36587","post","type-post","status-publish","format-standard","has-post-thumbnail","hentry","category-quintana-roo"],"_links":{"self":[{"href":"https:\/\/radiogecko.com\/index.php?rest_route=\/wp\/v2\/posts\/36587","targetHints":{"allow":["GET"]}}],"collection":[{"href":"https:\/\/radiogecko.com\/index.php?rest_route=\/wp\/v2\/posts"}],"about":[{"href":"https:\/\/radiogecko.com\/index.php?rest_route=\/wp\/v2\/types\/post"}],"author":[{"embeddable":true,"href":"https:\/\/radiogecko.com\/index.php?rest_route=\/wp\/v2\/users\/1"}],"replies":[{"embeddable":true,"href":"https:\/\/radiogecko.com\/index.php?rest_route=%2Fwp%2Fv2%2Fcomments&post=36587"}],"version-history":[{"count":1,"href":"https:\/\/radiogecko.com\/index.php?rest_route=\/wp\/v2\/posts\/36587\/revisions"}],"predecessor-version":[{"id":36588,"href":"https:\/\/radiogecko.com\/index.php?rest_route=\/wp\/v2\/posts\/36587\/revisions\/36588"}],"wp:featuredmedia":[{"embeddable":true,"href":"https:\/\/radiogecko.com\/index.php?rest_route=\/wp\/v2\/media\/36589"}],"wp:attachment":[{"href":"https:\/\/radiogecko.com\/index.php?rest_route=%2Fwp%2Fv2%2Fmedia&parent=36587"}],"wp:term":[{"taxonomy":"category","embeddable":true,"href":"https:\/\/radiogecko.com\/index.php?rest_route=%2Fwp%2Fv2%2Fcategories&post=36587"},{"taxonomy":"post_tag","embeddable":true,"href":"https:\/\/radiogecko.com\/index.php?rest_route=%2Fwp%2Fv2%2Ftags&post=36587"}],"curies":[{"name":"wp","href":"https:\/\/api.w.org\/{rel}","templated":true}]}}