{"id":37214,"date":"2025-04-03T10:15:22","date_gmt":"2025-04-03T15:15:22","guid":{"rendered":"https:\/\/radiogecko.com\/?p=37214"},"modified":"2025-04-03T15:15:38","modified_gmt":"2025-04-03T15:15:38","slug":"maryfer-centeno-revela-que-incursionara-en-el-stand-up-para-reirme-de-mi-misma","status":"publish","type":"post","link":"https:\/\/radiogecko.com\/?p=37214","title":{"rendered":"Maryfer Centeno revela que incursionar\u00e1 en el Stand Up: \u00abPara re\u00edrme de m\u00ed misma\u00bb"},"content":{"rendered":"<p>\ud83d\udd38 La graf\u00f3loga y especialista en lenguaje corporal dio a conocer el anuncio a trav\u00e9s de un video compartido en sus redes sociales y adelant\u00f3 que un famoso comediante la apoyar\u00e1 para aprender sobre ese g\u00e9nero.<\/p>\n<p>#ESPECT\u00c1CULOS | Maryfer Centeno, especialista en lenguaje corporal y famosa graf\u00f3loga, dio a conocer a trav\u00e9s de sus redes sociales que tendr\u00e1 un show de stand up para el cual ya se est\u00e1 preparando pues busca diversificar su carrera.<\/p>\n<p>La famosa influencer explic\u00f3 que con este nuevo paso en su carrera busca burlarse de s\u00ed misma y para eso tambi\u00e9n mencion\u00f3 que ya est\u00e1 tomando un curso con un famoso standupero para que le pueda ayudar en el proceso y debutar pr\u00f3ximamente. Aqu\u00ed te contamos de qui\u00e9n se trata.<\/p>\n<p>La especialista en lenguaje corporal comparti\u00f3 en sus redes sociales que ha decidido diversificar su carrera como graf\u00f3loga, influencer y especialista en lenguaje corporal.<\/p>\n<p>A trav\u00e9s de un video publicado en su cuenta de Instagram, Centeno revel\u00f3 que ha comenzado con dos nuevos proyectos que la tienen muy emocionada.<\/p>\n","protected":false},"excerpt":{"rendered":"<p>\ud83d\udd38 La graf\u00f3loga y especialista en lenguaje corporal dio a conocer el anuncio a trav\u00e9s de un video compartido en sus redes sociales y adelant\u00f3 que un famoso comediante la&hellip;<\/p>\n","protected":false},"author":1,"featured_media":37216,"comment_status":"open","ping_status":"closed","sticky":false,"template":"","format":"standard","meta":{"footnotes":""},"categories":[3],"tags":[],"class_list":["post-37214","post","type-post","status-publish","format-standard","has-post-thumbnail","hentry","category-espectaculos"],"_links":{"self":[{"href":"https:\/\/radiogecko.com\/index.php?rest_route=\/wp\/v2\/posts\/37214","targetHints":{"allow":["GET"]}}],"collection":[{"href":"https:\/\/radiogecko.com\/index.php?rest_route=\/wp\/v2\/posts"}],"about":[{"href":"https:\/\/radiogecko.com\/index.php?rest_route=\/wp\/v2\/types\/post"}],"author":[{"embeddable":true,"href":"https:\/\/radiogecko.com\/index.php?rest_route=\/wp\/v2\/users\/1"}],"replies":[{"embeddable":true,"href":"https:\/\/radiogecko.com\/index.php?rest_route=%2Fwp%2Fv2%2Fcomments&post=37214"}],"version-history":[{"count":1,"href":"https:\/\/radiogecko.com\/index.php?rest_route=\/wp\/v2\/posts\/37214\/revisions"}],"predecessor-version":[{"id":37215,"href":"https:\/\/radiogecko.com\/index.php?rest_route=\/wp\/v2\/posts\/37214\/revisions\/37215"}],"wp:featuredmedia":[{"embeddable":true,"href":"https:\/\/radiogecko.com\/index.php?rest_route=\/wp\/v2\/media\/37216"}],"wp:attachment":[{"href":"https:\/\/radiogecko.com\/index.php?rest_route=%2Fwp%2Fv2%2Fmedia&parent=37214"}],"wp:term":[{"taxonomy":"category","embeddable":true,"href":"https:\/\/radiogecko.com\/index.php?rest_route=%2Fwp%2Fv2%2Fcategories&post=37214"},{"taxonomy":"post_tag","embeddable":true,"href":"https:\/\/radiogecko.com\/index.php?rest_route=%2Fwp%2Fv2%2Ftags&post=37214"}],"curies":[{"name":"wp","href":"https:\/\/api.w.org\/{rel}","templated":true}]}}