{"id":38234,"date":"2025-05-09T11:34:46","date_gmt":"2025-05-09T16:34:46","guid":{"rendered":"https:\/\/radiogecko.com\/?p=38234"},"modified":"2025-05-09T16:34:47","modified_gmt":"2025-05-09T16:34:47","slug":"veronica-camino-participa-en-la-instalacion-de-la-comision-permanente-del-congreso-de-la-union","status":"publish","type":"post","link":"https:\/\/radiogecko.com\/?p=38234","title":{"rendered":"Ver\u00f3nica Camino participa en la instalaci\u00f3n de la Comisi\u00f3n Permanente del Congreso de la Uni\u00f3n"},"content":{"rendered":"<p>\ud83d\udd38 El trabajo legislativo no se detiene durante el receso; senadores y diputados contin\u00faan con tareas clave desde esta instancia parlamentaria<\/p>\n<p>#YUCAT\u00c1N | La senadora por Yucat\u00e1n, Ver\u00f3nica Camino Farjat, inform\u00f3 su participaci\u00f3n en la primera sesi\u00f3n de la Comisi\u00f3n Permanente del H. Congreso de la Uni\u00f3n, que se instal\u00f3 tras la conclusi\u00f3n del periodo ordinario de sesiones.<\/p>\n<p>Desde el recinto legislativo, la legisladora morenista reiter\u00f3 su compromiso con la ciudadan\u00eda y con el proyecto de naci\u00f3n que encabeza la presidenta Claudia Sheinbaum Pardo. \u201cAunque concluy\u00f3 el periodo ordinario, el trabajo legislativo contin\u00faa\u201d, expres\u00f3 Camino, al destacar la importancia de este \u00f3rgano que da seguimiento a la labor del Congreso durante los recesos parlamentarios.<\/p>\n<p>La Comisi\u00f3n Permanente est\u00e1 integrada por legisladoras y legisladores de ambas c\u00e1maras \u2014Diputados y Senadores\u2014 y tiene como responsabilidad mantener la actividad legislativa, convocar a periodos extraordinarios si es necesario y recibir iniciativas.<\/p>\n<p>\u201cSeguimos trabajando con lealtad al pueblo, a M\u00e9xico y a Yucat\u00e1n desde Senadores Morena\u201d, afirm\u00f3 la senadora, quien tambi\u00e9n aprovech\u00f3 para enviar un saludo afectuoso a sus representados y pidi\u00f3 estar pendientes de los avances en esta etapa legislativa.<\/p>\n","protected":false},"excerpt":{"rendered":"<p>\ud83d\udd38 El trabajo legislativo no se detiene durante el receso; senadores y diputados contin\u00faan con tareas clave desde esta instancia parlamentaria #YUCAT\u00c1N | La senadora por Yucat\u00e1n, Ver\u00f3nica Camino Farjat,&hellip;<\/p>\n","protected":false},"author":1,"featured_media":38236,"comment_status":"open","ping_status":"closed","sticky":false,"template":"","format":"standard","meta":{"footnotes":""},"categories":[26],"tags":[],"class_list":["post-38234","post","type-post","status-publish","format-standard","has-post-thumbnail","hentry","category-yucatan"],"_links":{"self":[{"href":"https:\/\/radiogecko.com\/index.php?rest_route=\/wp\/v2\/posts\/38234","targetHints":{"allow":["GET"]}}],"collection":[{"href":"https:\/\/radiogecko.com\/index.php?rest_route=\/wp\/v2\/posts"}],"about":[{"href":"https:\/\/radiogecko.com\/index.php?rest_route=\/wp\/v2\/types\/post"}],"author":[{"embeddable":true,"href":"https:\/\/radiogecko.com\/index.php?rest_route=\/wp\/v2\/users\/1"}],"replies":[{"embeddable":true,"href":"https:\/\/radiogecko.com\/index.php?rest_route=%2Fwp%2Fv2%2Fcomments&post=38234"}],"version-history":[{"count":1,"href":"https:\/\/radiogecko.com\/index.php?rest_route=\/wp\/v2\/posts\/38234\/revisions"}],"predecessor-version":[{"id":38235,"href":"https:\/\/radiogecko.com\/index.php?rest_route=\/wp\/v2\/posts\/38234\/revisions\/38235"}],"wp:featuredmedia":[{"embeddable":true,"href":"https:\/\/radiogecko.com\/index.php?rest_route=\/wp\/v2\/media\/38236"}],"wp:attachment":[{"href":"https:\/\/radiogecko.com\/index.php?rest_route=%2Fwp%2Fv2%2Fmedia&parent=38234"}],"wp:term":[{"taxonomy":"category","embeddable":true,"href":"https:\/\/radiogecko.com\/index.php?rest_route=%2Fwp%2Fv2%2Fcategories&post=38234"},{"taxonomy":"post_tag","embeddable":true,"href":"https:\/\/radiogecko.com\/index.php?rest_route=%2Fwp%2Fv2%2Ftags&post=38234"}],"curies":[{"name":"wp","href":"https:\/\/api.w.org\/{rel}","templated":true}]}}