{"id":41667,"date":"2025-08-25T12:00:34","date_gmt":"2025-08-25T17:00:34","guid":{"rendered":"https:\/\/radiogecko.com\/?p=41667"},"modified":"2025-08-25T14:05:37","modified_gmt":"2025-08-25T14:05:37","slug":"lamine-yamal-confirma-romance-con-nicki-nicole-en-sus-redes-sociales","status":"publish","type":"post","link":"https:\/\/radiogecko.com\/?p=41667","title":{"rendered":"Lamine Yamal confirma romance con Nicki Nicole en sus redes sociales"},"content":{"rendered":"<p>\ud83d\udd3a El delantero del FC Barcelona subi\u00f3 una foto con la cantante sudamericana en su Instagram donde confirma el romance<\/p>\n<p>&nbsp;<\/p>\n<p>#ESPECT\u00c1CULOS | Se acabaron los rumores, Lamine Yamal ha confirmado el romance con la cantante argentina Nicki Nicole mediante sus redes sociales, espec\u00edficamente, mediante sus historias de Instagram.<\/p>\n<p>Yamal, en pretemporada, hab\u00eda sido visto con la cantante sudamericana, adem\u00e1s de que Nicole estuvo presente en la fiesta de 18 a\u00f1os del futbolista espa\u00f1ol, aunque no hab\u00eda confirmaci\u00f3n sobre el romance.<\/p>\n<p>Luego de las declaraciones de su padre, donde asegur\u00f3 no conocer a la cantante sudamericana, Lamine subi\u00f3 este lunes a Instagram una foto donde confirma su romance con Nicki Nicole.<\/p>\n<p>Lamine Yamal ha marcado dos goles en dos encuentros en LaLiga, ante Mallorca y frente al Levante, el cuadro catal\u00e1n se enfrentar\u00e1 al Rayo Vallecano.<\/p>\n<p>&nbsp;<\/p>\n<p><img loading=\"lazy\" decoding=\"async\" class=\"alignnone size-medium wp-image-60884\" src=\"https:\/\/radiogecko.com\/wp-content\/uploads\/2025\/08\/WhatsApp-Image-2025-08-25-at-09.04.29.jpeg\" alt=\"\" width=\"170\" height=\"300\" \/><\/p>\n","protected":false},"excerpt":{"rendered":"<p>\ud83d\udd3a El delantero del FC Barcelona subi\u00f3 una foto con la cantante sudamericana en su Instagram donde confirma el romance &nbsp; #ESPECT\u00c1CULOS | Se acabaron los rumores, Lamine Yamal ha&hellip;<\/p>\n","protected":false},"author":1,"featured_media":41669,"comment_status":"open","ping_status":"closed","sticky":false,"template":"","format":"standard","meta":{"footnotes":""},"categories":[6],"tags":[],"class_list":["post-41667","post","type-post","status-publish","format-standard","has-post-thumbnail","hentry","category-deportes"],"_links":{"self":[{"href":"https:\/\/radiogecko.com\/index.php?rest_route=\/wp\/v2\/posts\/41667","targetHints":{"allow":["GET"]}}],"collection":[{"href":"https:\/\/radiogecko.com\/index.php?rest_route=\/wp\/v2\/posts"}],"about":[{"href":"https:\/\/radiogecko.com\/index.php?rest_route=\/wp\/v2\/types\/post"}],"author":[{"embeddable":true,"href":"https:\/\/radiogecko.com\/index.php?rest_route=\/wp\/v2\/users\/1"}],"replies":[{"embeddable":true,"href":"https:\/\/radiogecko.com\/index.php?rest_route=%2Fwp%2Fv2%2Fcomments&post=41667"}],"version-history":[{"count":1,"href":"https:\/\/radiogecko.com\/index.php?rest_route=\/wp\/v2\/posts\/41667\/revisions"}],"predecessor-version":[{"id":41668,"href":"https:\/\/radiogecko.com\/index.php?rest_route=\/wp\/v2\/posts\/41667\/revisions\/41668"}],"wp:featuredmedia":[{"embeddable":true,"href":"https:\/\/radiogecko.com\/index.php?rest_route=\/wp\/v2\/media\/41669"}],"wp:attachment":[{"href":"https:\/\/radiogecko.com\/index.php?rest_route=%2Fwp%2Fv2%2Fmedia&parent=41667"}],"wp:term":[{"taxonomy":"category","embeddable":true,"href":"https:\/\/radiogecko.com\/index.php?rest_route=%2Fwp%2Fv2%2Fcategories&post=41667"},{"taxonomy":"post_tag","embeddable":true,"href":"https:\/\/radiogecko.com\/index.php?rest_route=%2Fwp%2Fv2%2Ftags&post=41667"}],"curies":[{"name":"wp","href":"https:\/\/api.w.org\/{rel}","templated":true}]}}