{"id":42155,"date":"2025-09-09T08:00:38","date_gmt":"2025-09-09T13:00:38","guid":{"rendered":"https:\/\/radiogecko.com\/?p=42155"},"modified":"2025-09-09T13:38:34","modified_gmt":"2025-09-09T13:38:34","slug":"fallece-capitan-de-marina-en-tamaulipas","status":"publish","type":"post","link":"https:\/\/radiogecko.com\/?p=42155","title":{"rendered":"Fallece capit\u00e1n de Marina en Tamaulipas"},"content":{"rendered":"<p>\ud83d\udd38 Abraham Jerem\u00edas P\u00e9rez fue encontrado sin vida en su oficina de Tamaulipas<\/p>\n<p>&nbsp;<\/p>\n<p>#NACIONAL || La Secretar\u00eda de Marina confirm\u00f3 el fallecimiento del capit\u00e1n de nav\u00edo Abraham Jerem\u00edas P\u00e9rez Ram\u00edrez, ocurrido el 8 de septiembre en Altamira, Tamaulipas.<\/p>\n<p>El oficial estaba al frente de la Unidad de Protecci\u00f3n Portuaria y recientemente hab\u00eda sido mencionado en se\u00f1alamientos relacionados con presuntos actos de corrupci\u00f3n.<\/p>\n<p>La Semar expres\u00f3 sus condolencias a familiares, amigos y compa\u00f1eros del elemento naval, reiterando que brindar\u00e1 los apoyos correspondientes y colaborar\u00e1 con las autoridades para el esclarecimiento de los hechos.<\/p>\n","protected":false},"excerpt":{"rendered":"<p>\ud83d\udd38 Abraham Jerem\u00edas P\u00e9rez fue encontrado sin vida en su oficina de Tamaulipas &nbsp; #NACIONAL || La Secretar\u00eda de Marina confirm\u00f3 el fallecimiento del capit\u00e1n de nav\u00edo Abraham Jerem\u00edas P\u00e9rez&hellip;<\/p>\n","protected":false},"author":1,"featured_media":42157,"comment_status":"open","ping_status":"closed","sticky":false,"template":"","format":"standard","meta":{"footnotes":""},"categories":[2],"tags":[],"class_list":["post-42155","post","type-post","status-publish","format-standard","has-post-thumbnail","hentry","category-nacional"],"_links":{"self":[{"href":"https:\/\/radiogecko.com\/index.php?rest_route=\/wp\/v2\/posts\/42155","targetHints":{"allow":["GET"]}}],"collection":[{"href":"https:\/\/radiogecko.com\/index.php?rest_route=\/wp\/v2\/posts"}],"about":[{"href":"https:\/\/radiogecko.com\/index.php?rest_route=\/wp\/v2\/types\/post"}],"author":[{"embeddable":true,"href":"https:\/\/radiogecko.com\/index.php?rest_route=\/wp\/v2\/users\/1"}],"replies":[{"embeddable":true,"href":"https:\/\/radiogecko.com\/index.php?rest_route=%2Fwp%2Fv2%2Fcomments&post=42155"}],"version-history":[{"count":1,"href":"https:\/\/radiogecko.com\/index.php?rest_route=\/wp\/v2\/posts\/42155\/revisions"}],"predecessor-version":[{"id":42156,"href":"https:\/\/radiogecko.com\/index.php?rest_route=\/wp\/v2\/posts\/42155\/revisions\/42156"}],"wp:featuredmedia":[{"embeddable":true,"href":"https:\/\/radiogecko.com\/index.php?rest_route=\/wp\/v2\/media\/42157"}],"wp:attachment":[{"href":"https:\/\/radiogecko.com\/index.php?rest_route=%2Fwp%2Fv2%2Fmedia&parent=42155"}],"wp:term":[{"taxonomy":"category","embeddable":true,"href":"https:\/\/radiogecko.com\/index.php?rest_route=%2Fwp%2Fv2%2Fcategories&post=42155"},{"taxonomy":"post_tag","embeddable":true,"href":"https:\/\/radiogecko.com\/index.php?rest_route=%2Fwp%2Fv2%2Ftags&post=42155"}],"curies":[{"name":"wp","href":"https:\/\/api.w.org\/{rel}","templated":true}]}}