{"id":50008,"date":"2026-04-24T08:03:34","date_gmt":"2026-04-24T13:03:34","guid":{"rendered":"https:\/\/radiogecko.com\/?p=50008"},"modified":"2026-04-26T13:04:58","modified_gmt":"2026-04-26T13:04:58","slug":"atrapan-en-argentina-a-exmando-de-la-marina-ligado-a-huachicol","status":"publish","type":"post","link":"https:\/\/radiogecko.com\/?p=50008","title":{"rendered":"Atrapan en Argentina a exmando de la Marina ligado a \u2018huachicol\u2019"},"content":{"rendered":"<p>\ud83d\udd38 Fernando Far\u00edas, sobrino del exsecretario Rafael Ojeda y se\u00f1alado de liderar red de Los Primos, entr\u00f3 por Colombia con pasaporte falso; destaca Garc\u00eda Harfuch participaci\u00f3n del centro de inteligencia.<\/p>\n<p>#ARGENTINA | Fernando Far\u00edas Laguna, excontralmirante de la Secretar\u00eda de Marina identificado como l\u00edder de una red de contrabando de hidrocarburo, fue detenido en Argentina tras una operaci\u00f3n coordinada entre la Polic\u00eda Federal de ese pa\u00eds,\u00a0la Direcci\u00f3n Nacional de Inteligencia Criminal\u00a0y agencias de seguridad mexicanas. Al momento de su aprehensi\u00f3n, Far\u00edas portaba documentaci\u00f3n falsa.<\/p>\n<p>Alejandra Monteoliva, ministra de Seguridad de Argentina, celebr\u00f3 la detenci\u00f3n de este sujeto, por quien se hab\u00eda emitido una ficha roja de Interpol por crimen organizado, robo de combustible e intento de homicidio contra funcionarios en M\u00e9xico.<\/p>\n<p>\u201cIngres\u00f3 a Argentina con identidad falsa, ven\u00eda desde Colombia con pasaporte trucho. Su nombre es Fernando Far\u00edas y est\u00e1 acusado de crimen organizado, corrupci\u00f3n, robo de combustible e intento de homicidio. Buscado por la CIA y con ficha de Interpol\u201d, detall\u00f3 la funcionaria argentina.<br \/>\n\u201cLo buscamos, lo encontramos, lo detuvimos\u201d, a\u00f1adi\u00f3.<\/p>\n<p>Asimismo, Monteoliva advirti\u00f3 que Far\u00edas \u201cva a ser extraditado\u201d y resalt\u00f3 que Argentina \u201cno es refugio de criminales\u201d.<\/p>\n<p>Tras su captura, se realizar\u00e1 su audiencia de reconocimiento por autoridades de aquel pa\u00eds para continuar con los procedimientos correspondientes, aunque su captura fue con fines de extradici\u00f3n.<\/p>\n<p>Mediante un comunicado, la Secretar\u00eda de Marina inform\u00f3 que la acci\u00f3n fue resultado de meses de trabajo coordinado, intercambio de informaci\u00f3n y seguimiento conjunto entre autoridades internacionales, tales como las de Argentina y Estados Unidos.<\/p>\n<p>\u00abLa detenci\u00f3n fue realizada por autoridades de la Rep\u00fablica Argentina, en coordinaci\u00f3n con la Direcci\u00f3n Nacional de Inteligencia Criminal y la Polic\u00eda Federal de ese pa\u00eds, con el acompa\u00f1amiento de agencias internacionales y la estrecha colaboraci\u00f3n del gobierno de M\u00e9xico\u00bb, destac\u00f3.<\/p>\n<p>La defensa legal del contralmirante Fernando Far\u00edas Laguna inform\u00f3 que hasta este momento no han sido notificados oficialmente por autoridad alguna sobre la detenci\u00f3n de su cliente en Argentina, ni tampoco han tenido comunicaci\u00f3n con su defendido.<\/p>\n<p>\u201cDe confirmarse por las v\u00edas institucionales correspondientes, esta defensa se encuentra preparada para actuar de manera inmediata, particularmente en lo relativo al procedimiento de extradici\u00f3n, y ser\u00e1 estrictamente vigilante de que se respeten en todo momento los derechos humanos y procesales de nuestro representado, garantizando que cualquier actuaci\u00f3n se realice con apego irrestricto a la ley, tanto en territorio nacional como en el \u00e1mbito internacional\u201d. Lo anterior\u00a0fue dado a conocer por el Despacho Mendieta y Asociados.<\/p>\n<p>#Detienen #Argentina # FernandoFar\u00edasLaguna #Excontralmirante #Semar #Identificado #Como #L\u00edder #LosPrimos #Red #Contrabando #Hidrocarburo<\/p>\n","protected":false},"excerpt":{"rendered":"<p>\ud83d\udd38 Fernando Far\u00edas, sobrino del exsecretario Rafael Ojeda y se\u00f1alado de liderar red de Los Primos, entr\u00f3 por Colombia con pasaporte falso; destaca Garc\u00eda Harfuch participaci\u00f3n del centro de inteligencia.&hellip;<\/p>\n","protected":false},"author":1,"featured_media":50010,"comment_status":"open","ping_status":"closed","sticky":false,"template":"","format":"standard","meta":{"footnotes":""},"categories":[9],"tags":[],"class_list":["post-50008","post","type-post","status-publish","format-standard","has-post-thumbnail","hentry","category-internacional"],"_links":{"self":[{"href":"https:\/\/radiogecko.com\/index.php?rest_route=\/wp\/v2\/posts\/50008","targetHints":{"allow":["GET"]}}],"collection":[{"href":"https:\/\/radiogecko.com\/index.php?rest_route=\/wp\/v2\/posts"}],"about":[{"href":"https:\/\/radiogecko.com\/index.php?rest_route=\/wp\/v2\/types\/post"}],"author":[{"embeddable":true,"href":"https:\/\/radiogecko.com\/index.php?rest_route=\/wp\/v2\/users\/1"}],"replies":[{"embeddable":true,"href":"https:\/\/radiogecko.com\/index.php?rest_route=%2Fwp%2Fv2%2Fcomments&post=50008"}],"version-history":[{"count":1,"href":"https:\/\/radiogecko.com\/index.php?rest_route=\/wp\/v2\/posts\/50008\/revisions"}],"predecessor-version":[{"id":50009,"href":"https:\/\/radiogecko.com\/index.php?rest_route=\/wp\/v2\/posts\/50008\/revisions\/50009"}],"wp:featuredmedia":[{"embeddable":true,"href":"https:\/\/radiogecko.com\/index.php?rest_route=\/wp\/v2\/media\/50010"}],"wp:attachment":[{"href":"https:\/\/radiogecko.com\/index.php?rest_route=%2Fwp%2Fv2%2Fmedia&parent=50008"}],"wp:term":[{"taxonomy":"category","embeddable":true,"href":"https:\/\/radiogecko.com\/index.php?rest_route=%2Fwp%2Fv2%2Fcategories&post=50008"},{"taxonomy":"post_tag","embeddable":true,"href":"https:\/\/radiogecko.com\/index.php?rest_route=%2Fwp%2Fv2%2Ftags&post=50008"}],"curies":[{"name":"wp","href":"https:\/\/api.w.org\/{rel}","templated":true}]}}