{"id":50053,"date":"2026-04-25T14:00:55","date_gmt":"2026-04-25T19:00:55","guid":{"rendered":"https:\/\/radiogecko.com\/?p=50053"},"modified":"2026-04-26T13:42:20","modified_gmt":"2026-04-26T13:42:20","slug":"christian-nodal-presume-romantica-foto-con-angela-aguilar-y-desmiente-rumores-de-separacion-contigo-me-aplaque","status":"publish","type":"post","link":"https:\/\/radiogecko.com\/?p=50053","title":{"rendered":"Christian Nodal presume rom\u00e1ntica foto con \u00c1ngela Aguilar y desmiente rumores de separaci\u00f3n: \u00abContigo me aplaqu\u00e9\u00bb"},"content":{"rendered":"<p>\ud83d\udd38 Hace unos d\u00edas, Gustavo Adolfo Infante afirm\u00f3 que el cantante Christian Nodal y \u00c1ngela Aguilar presuntamente estaban separados.<\/p>\n<p>#ESPECT\u00c1CULOS | El cantante de regional mexicano Christian Nodal comparti\u00f3 una rom\u00e1ntica foto en donde se le pudo ver a lado de su esposa, \u00c1ngela Aguilar, luego de que surgieran rumores sobre una posible separaci\u00f3n.<\/p>\n<p>A trav\u00e9s de una historia de Instagram, el int\u00e9rprete de Botella tras botella, Dime como quieres, Adi\u00f3s amor y Ya no somos ni seremos comparti\u00f3 con sus m\u00e1s de 10 millones de seguidores el intimo momento.<\/p>\n<p>En la instant\u00e1nea en blanco y negro se pudo observar a Christian Nodal y \u00c1ngela Aguilar montados en caballos mientras cabalgaban por un camino de terracer\u00eda.<\/p>\n<p>Nodal estaba vestido con un pantal\u00f3n y playera negra que hicieron juego con unas botas y un sombrero. Al mismo tiempo \u00c1ngela Aguilar utiliz\u00f3 una chamarra, playera banca y un pantal\u00f3n con botas.<\/p>\n<p>La rom\u00e1ntica publicaci\u00f3n\u00a0del cantante de regional mexicano fue amenizada por la canci\u00f3n Lo tienes todo de Juli\u00f3n Alvares.<\/p>\n<p>\u00ab\u00bfQu\u00e9 m\u00e1s puedo pedir?, si t\u00fa lo tienes todo. Contigo me aplaqu\u00e9, me hiciste a tu modo. Por ti, mi coraz\u00f3n ya no me cabe aqu\u00ed en el pecho. Quiero gastar los d\u00edas de mi vida a tu lado. Me gusta que nos vean tomados de la mano. Que todo el mundo sepa que me tienes enamorado\u00bb, se escucha en la historia de Instagram de Christian Nodal.<\/p>\n<p>Durante una transmisi\u00f3n en vivo realizada el pasado 17 de abril, el periodista de espect\u00e1culos Gustavo Adolfo Infante afirm\u00f3 que el cantante Christian Nodal y \u00c1ngela Aguilar\u00a0presuntamente estaban separados.<\/p>\n<p>\u00abY mis fuentes me dicen que est\u00e1n el d\u00eda de hoy, en este viernes 17 de abril del 2026, est\u00e1n separados Cristian Nodal y \u00c1ngela Aguilar\u00bb, expres\u00f3 el comunicador.<\/p>\n<p>\u00abNo es posible que un artista del tama\u00f1o de Cristian Nodal que est\u00e1 teniendo problemas con su pap\u00e1 con su mam\u00e1 con la disquera\u00bb, agreg\u00f3.<\/p>\n<p>Pese al se\u00f1alamiento de Infante, Christian Nodal ahora desminti\u00f3 estar separado de \u00c1ngela Aguilar, con quien contrajo matrimonio el 24 de julio de 2024.<\/p>\n<p>#ChristianNodal #Presume #Rom\u00e1ntica #Foto #Con #\u00c1ngelaAguilar #Desmiente #Rumores #Separaci\u00f3n<\/p>\n","protected":false},"excerpt":{"rendered":"<p>\ud83d\udd38 Hace unos d\u00edas, Gustavo Adolfo Infante afirm\u00f3 que el cantante Christian Nodal y \u00c1ngela Aguilar presuntamente estaban separados. #ESPECT\u00c1CULOS | El cantante de regional mexicano Christian Nodal comparti\u00f3 una&hellip;<\/p>\n","protected":false},"author":1,"featured_media":50055,"comment_status":"open","ping_status":"closed","sticky":false,"template":"","format":"standard","meta":{"footnotes":""},"categories":[3],"tags":[],"class_list":["post-50053","post","type-post","status-publish","format-standard","has-post-thumbnail","hentry","category-espectaculos"],"_links":{"self":[{"href":"https:\/\/radiogecko.com\/index.php?rest_route=\/wp\/v2\/posts\/50053","targetHints":{"allow":["GET"]}}],"collection":[{"href":"https:\/\/radiogecko.com\/index.php?rest_route=\/wp\/v2\/posts"}],"about":[{"href":"https:\/\/radiogecko.com\/index.php?rest_route=\/wp\/v2\/types\/post"}],"author":[{"embeddable":true,"href":"https:\/\/radiogecko.com\/index.php?rest_route=\/wp\/v2\/users\/1"}],"replies":[{"embeddable":true,"href":"https:\/\/radiogecko.com\/index.php?rest_route=%2Fwp%2Fv2%2Fcomments&post=50053"}],"version-history":[{"count":1,"href":"https:\/\/radiogecko.com\/index.php?rest_route=\/wp\/v2\/posts\/50053\/revisions"}],"predecessor-version":[{"id":50054,"href":"https:\/\/radiogecko.com\/index.php?rest_route=\/wp\/v2\/posts\/50053\/revisions\/50054"}],"wp:featuredmedia":[{"embeddable":true,"href":"https:\/\/radiogecko.com\/index.php?rest_route=\/wp\/v2\/media\/50055"}],"wp:attachment":[{"href":"https:\/\/radiogecko.com\/index.php?rest_route=%2Fwp%2Fv2%2Fmedia&parent=50053"}],"wp:term":[{"taxonomy":"category","embeddable":true,"href":"https:\/\/radiogecko.com\/index.php?rest_route=%2Fwp%2Fv2%2Fcategories&post=50053"},{"taxonomy":"post_tag","embeddable":true,"href":"https:\/\/radiogecko.com\/index.php?rest_route=%2Fwp%2Fv2%2Ftags&post=50053"}],"curies":[{"name":"wp","href":"https:\/\/api.w.org\/{rel}","templated":true}]}}